{"id":5139,"date":"2020-04-17T19:07:38","date_gmt":"2020-04-17T17:07:38","guid":{"rendered":"http:\/\/www.edition-schwarzdruck.de\/?p=5139"},"modified":"2020-04-17T19:07:38","modified_gmt":"2020-04-17T17:07:38","slug":"2020-faellt-aus","status":"publish","type":"post","link":"http:\/\/www.edition-schwarzdruck.de\/?p=5139","title":{"rendered":"2020 f\u00e4llt aus &#8230;"},"content":{"rendered":"<p>Es war wahrscheinlich schon irgendwie ein Zeichen, dass Schwarzdruck es dieses Jahr leider nicht geschafft hatte, eine Neujahrskarte zu drucken und zu verschicken. Obwohl der Entwurf so fr\u00fch wie noch nie fertig war &#8230; Sorry!<br \/>\nUnd nun wird der Spa\u00df von Anfang M\u00e4rz, die Corona-Krise mit der damals noch ironischen Bemerkung &#8222;2020 f\u00e4llt aus&#8220; zu bew\u00e4ltigen, immer mehr zu einer geradezu prophetischen Weissagung. Gut, vieles was gerade ausf\u00e4llt kann gerne weiter ausfallen: Milit\u00e4rman\u00f6ver, Gottesdienste, Fallschirmspr\u00fcnge (zumindest \u00fcber Gransee), Oktoberfeste, Parteitage, Kreuzfahrten, Massenferntourismus &#8230; das fehlt uns nicht wirklich. Aber ein paar Dinge, an denen wir h\u00e4ngen, die uns wichtig sind und die wir ja teils selbst organisieren, fallen nun leider eben auch Coronaregeln zum Opfer.<br \/>\nSo macht es derzeit keinen Sinn, in der Eremitage Ausstellungen zu pr\u00e4sentieren, die sich keiner ansehen kann. Deshalb haben wir das komplette Ausstellungsprogramm f\u00fcr dieses Jahr gestrichen. Die eigentlich f\u00fcr diesen Sommer geplante Ausstellung &#8222;Bilder zum Zirkus (3)&#8220; werden wir im n\u00e4chsten Jahr zeigen. Ob und wann wir f\u00fcr die Arbeiten der amerikanischen Kollegin Myrna Keliher, die eigentlich jetzt langsam aufgeh\u00e4ngt werden sollten, einen neuen Termin finden ist noch v\u00f6llig unklar. Als einzige noch eventuell m\u00f6gliche Ausstellung haben wir f\u00fcr dieses Jahr irgendwann im Herbst oder auch Winter vor, den 35. Geburtstag von Schwarzdruck mit einer Ausstellung von Einblattdrucken aus eigener Produktion zu feiern. Eigentlich sollte diese Ausstellung im August bereits in Berlin gezeigt werden, aber das steht auch sehr auf der Kippe.<br \/>\nGenauso schlecht sieht es auch mit unseren sonstigen Veranstaltungen aus. Eine geplante Buchpremiere von Bernd Schirmes &#8222;Sonnenuhr&#8220;-Band wird wohl genauso wenig stattfinden wie die dritte Auflage unseres &#8222;Kunst- und Handwerkermarktes&#8220; Ende August. Etliche Lesungen unseres Autors Stefan K\u00f6rbel sind bereits ausgefallen und viele bereits vereinbarte werden noch ausfallen. Das gro\u00dfe Buchdruckertreffen &#8222;Letterpress-Workers&#8220; im Juni in Mailand, worauf wir uns schon wieder sehr gefreut haben, wurde verst\u00e4ndlicherweise nun definitiv abgesagt. Vielleicht gibt es davon aber dieses Jahr wenigstens eine Internet-Variante &#8211; wir arbeiten gerade noch dran und werden berichten.<br \/>\nDas Literaturfest im Juni in Potsdam wurde noch nicht abgesagt, ebenso das Literaturfest in Erlangen Ende August. Allerdings hegen wir wenig Hoffnung, dass diese Veranstaltungen wirklich stattfinden werden. Abgesagt wurde mittlerweile bereits unsere kleine Brandenburger Buchmesse in der Potsdamer Stadtbibliothek Anfang Dezember. Von der Book-Art Berlin und der Linken Literaturmesse in N\u00fcrnberg haben wir noch nichts geh\u00f6rt, die sollten eigentlich wie gewohnt im November stattfinden, was noch etwas Hoffnung gibt.<\/p>\n<p>Das klingt nun alles sehr traurig, aber so traurig ist der Schwarzdrucker gar nicht. Wir werden die gewonnene Zeit nutzen, ein paar sowieso geplante Druck- und Buchprojekte zu machen und vielleicht sogar ein paar, die nicht auf dem Plan standen, aber schon lange auf Verwirklichung warten. Und daneben kommen wir nun hoffentlich auch zu einigen Dingen, zu denen wir sonst nie kommen. Es gibt hier ja jede Menge aufzur\u00e4umen, zu reparieren, zu bauen, zu optimieren &#8211; wenn wir wirklich das alles schaffen wollen, m\u00fcsste der Coronazustand noch ein paar Jahre anhalten &#8230; aber wir wollen hier ja bedrohlich werden.<\/p>\n<p>Wir w\u00fcnschen allen Freunden, Kollegen, Autoren, Mitstreitern, Lesern, Fans, Buchh\u00e4ndlern das allerbeste: Gesundheit! Und bleiben Sie uns gewogen! Wir treffen uns wieder.<br \/>\nUm 12 nach dem Krieg.<\/p>\n","protected":false},"excerpt":{"rendered":"<p>Es war wahrscheinlich schon irgendwie ein Zeichen, dass Schwarzdruck es dieses Jahr leider nicht geschafft hatte, eine Neujahrskarte zu drucken und zu verschicken. Obwohl der Entwurf so fr\u00fch wie noch nie fertig war &#8230; Sorry! Und nun wird der Spa\u00df von Anfang M\u00e4rz, die Corona-Krise mit der damals noch ironischen Bemerkung &#8222;2020 f\u00e4llt aus&#8220; zu [&hellip;]<\/p>\n","protected":false},"author":2,"featured_media":0,"comment_status":"open","ping_status":"open","sticky":false,"template":"","format":"image","meta":[],"categories":[115,49],"tags":[112,181,143,204,211,210,140,109,220,111,217],"_links":{"self":[{"href":"http:\/\/www.edition-schwarzdruck.de\/index.php?rest_route=\/wp\/v2\/posts\/5139"}],"collection":[{"href":"http:\/\/www.edition-schwarzdruck.de\/index.php?rest_route=\/wp\/v2\/posts"}],"about":[{"href":"http:\/\/www.edition-schwarzdruck.de\/index.php?rest_route=\/wp\/v2\/types\/post"}],"author":[{"embeddable":true,"href":"http:\/\/www.edition-schwarzdruck.de\/index.php?rest_route=\/wp\/v2\/users\/2"}],"replies":[{"embeddable":true,"href":"http:\/\/www.edition-schwarzdruck.de\/index.php?rest_route=%2Fwp%2Fv2%2Fcomments&post=5139"}],"version-history":[{"count":1,"href":"http:\/\/www.edition-schwarzdruck.de\/index.php?rest_route=\/wp\/v2\/posts\/5139\/revisions"}],"predecessor-version":[{"id":5140,"href":"http:\/\/www.edition-schwarzdruck.de\/index.php?rest_route=\/wp\/v2\/posts\/5139\/revisions\/5140"}],"wp:attachment":[{"href":"http:\/\/www.edition-schwarzdruck.de\/index.php?rest_route=%2Fwp%2Fv2%2Fmedia&parent=5139"}],"wp:term":[{"taxonomy":"category","embeddable":true,"href":"http:\/\/www.edition-schwarzdruck.de\/index.php?rest_route=%2Fwp%2Fv2%2Fcategories&post=5139"},{"taxonomy":"post_tag","embeddable":true,"href":"http:\/\/www.edition-schwarzdruck.de\/index.php?rest_route=%2Fwp%2Fv2%2Ftags&post=5139"}],"curies":[{"name":"wp","href":"https:\/\/api.w.org\/{rel}","templated":true}]}}