{"id":5100,"date":"2020-04-03T21:15:14","date_gmt":"2020-04-03T19:15:14","guid":{"rendered":"http:\/\/www.edition-schwarzdruck.de\/?p=5100"},"modified":"2020-04-03T21:15:14","modified_gmt":"2020-04-03T19:15:14","slug":"am-wochenende-gehts-diesmal-ins-theater","status":"publish","type":"post","link":"http:\/\/www.edition-schwarzdruck.de\/?p=5100","title":{"rendered":"Am Wochenende gehts diesmal ins Theater &#8230;"},"content":{"rendered":"<p>zur Antidepressionsrevue mit viel Musik. Das St\u00fcck bzw. diese Auff\u00fchrung liegt zwar schon etwas zur\u00fcck, ist aber noch immer sehenswert. Unser hochverehrter Autor Steffen Mensching hat dieses St\u00fcck mit dem Orchesterchef und dem Chefdramaturgen des Rudolst\u00e4dter Theaters geschrieben und auf die B\u00fchne gebracht und war damit sogar in Berlin! Das Plakat daf\u00fcr hat damals der Schwarzdrucker gemacht &#8230;<\/p>\n","protected":false},"excerpt":{"rendered":"<p>zur Antidepressionsrevue mit viel Musik. Das St\u00fcck bzw. diese Auff\u00fchrung liegt zwar schon etwas zur\u00fcck, ist aber noch immer sehenswert. Unser hochverehrter Autor Steffen Mensching hat dieses St\u00fcck mit dem Orchesterchef und dem Chefdramaturgen des Rudolst\u00e4dter Theaters geschrieben und auf die B\u00fchne gebracht und war damit sogar in Berlin! Das Plakat daf\u00fcr hat damals der [&hellip;]<\/p>\n","protected":false},"author":2,"featured_media":0,"comment_status":"open","ping_status":"open","sticky":false,"template":"","format":"video","meta":[],"categories":[249],"tags":[252],"_links":{"self":[{"href":"http:\/\/www.edition-schwarzdruck.de\/index.php?rest_route=\/wp\/v2\/posts\/5100"}],"collection":[{"href":"http:\/\/www.edition-schwarzdruck.de\/index.php?rest_route=\/wp\/v2\/posts"}],"about":[{"href":"http:\/\/www.edition-schwarzdruck.de\/index.php?rest_route=\/wp\/v2\/types\/post"}],"author":[{"embeddable":true,"href":"http:\/\/www.edition-schwarzdruck.de\/index.php?rest_route=\/wp\/v2\/users\/2"}],"replies":[{"embeddable":true,"href":"http:\/\/www.edition-schwarzdruck.de\/index.php?rest_route=%2Fwp%2Fv2%2Fcomments&post=5100"}],"version-history":[{"count":1,"href":"http:\/\/www.edition-schwarzdruck.de\/index.php?rest_route=\/wp\/v2\/posts\/5100\/revisions"}],"predecessor-version":[{"id":5101,"href":"http:\/\/www.edition-schwarzdruck.de\/index.php?rest_route=\/wp\/v2\/posts\/5100\/revisions\/5101"}],"wp:attachment":[{"href":"http:\/\/www.edition-schwarzdruck.de\/index.php?rest_route=%2Fwp%2Fv2%2Fmedia&parent=5100"}],"wp:term":[{"taxonomy":"category","embeddable":true,"href":"http:\/\/www.edition-schwarzdruck.de\/index.php?rest_route=%2Fwp%2Fv2%2Fcategories&post=5100"},{"taxonomy":"post_tag","embeddable":true,"href":"http:\/\/www.edition-schwarzdruck.de\/index.php?rest_route=%2Fwp%2Fv2%2Ftags&post=5100"}],"curies":[{"name":"wp","href":"https:\/\/api.w.org\/{rel}","templated":true}]}}