{"id":5092,"date":"2020-04-02T23:30:19","date_gmt":"2020-04-02T21:30:19","guid":{"rendered":"http:\/\/www.edition-schwarzdruck.de\/?p=5092"},"modified":"2020-04-02T23:36:57","modified_gmt":"2020-04-02T21:36:57","slug":"der-herr-nobelpreistraeger","status":"publish","type":"post","link":"http:\/\/www.edition-schwarzdruck.de\/?p=5092","title":{"rendered":"Der Herr Nobelpreistr\u00e4ger"},"content":{"rendered":"<p>hat ja nun nach nur 8 Jahren einen neuen &#8222;Song&#8220; ver\u00f6ffentlicht. Der allgemeinen Euphorie dar\u00fcber kann sich der Schwarzdrucker nicht so recht anschlie\u00dfen. Was sicherlich daran liegt, dass sein Englisch einfach viel zu schlecht ist, um von dem immerhin 17min\u00fctigen St\u00fcck das wahrscheinlich Bedeutende daran zu verstehen. Den Text n\u00e4mlich. Denn die Musik kann es nicht sein. Die ist eigentlich nur wie Fahrstuhlmusik ein Hintergrundger\u00e4usch f\u00fcr diesen ellenlangen Monolog mit beeindruckender Stimme. Der Herr Dylan hat nunmal seinen Preis f\u00fcr Lyrik bekommen und nicht f\u00fcr Musik und gibt nun anscheinend dem verleihenden Komitee auch nochmal nachtr\u00e4glich Recht &#8230; oder so.<br \/>\nDass Lyrik musikalisch untermalt werden kann ist ja nun nix Neues. Dass man das aber deutlich besser machen kann sieht man am kongenialen Trio R\u00fchmkorf, Naura, Schl\u00fcter. Die Gedichte von Peter R\u00fchmkorf sind ja schon alleine genial, aber mit der dazugelegten Musik der beiden leider ebenfalls schon gestorbenen Jazzmusiker werden sie unwiderstehlich. Trotzdem sind die drei &#8211; Gottseidank! &#8211; nicht der Versuchung erlegen, Songs draus zu machen und das Ganze wom\u00f6glich zu singen &#8230; eine Sternstunde.<br \/>\nLeider hab ich keine Liveauftritte davon gefunden, deshalb hier die optisch sehr schlichte Variante. Die Herren sind damit \u00fcbrigens auch in der DDR aufgetreten und vertilgten dabei &#8211; auf der B\u00fchne! &#8211; ganz nebenbei eine selbst f\u00fcr DDR-Verh\u00e4ltnisse beeindruckende Quantit\u00e4t hochprozentigen Alkohols, ohne ins Stottern, Lallen oder Verspielen zu geraten. Der damals noch sehr junge Schwarzdrucker ist seitdem ein ganz gro\u00dfer Fan dieser Aufnahmen, die als Kassettentapes in erstaunlich weiten Kreisen hoch und runter dudelten &#8230;<\/p>\n","protected":false},"excerpt":{"rendered":"<p>hat ja nun nach nur 8 Jahren einen neuen &#8222;Song&#8220; ver\u00f6ffentlicht. Der allgemeinen Euphorie dar\u00fcber kann sich der Schwarzdrucker nicht so recht anschlie\u00dfen. Was sicherlich daran liegt, dass sein Englisch einfach viel zu schlecht ist, um von dem immerhin 17min\u00fctigen St\u00fcck das wahrscheinlich Bedeutende daran zu verstehen. Den Text n\u00e4mlich. Denn die Musik kann es [&hellip;]<\/p>\n","protected":false},"author":2,"featured_media":0,"comment_status":"open","ping_status":"open","sticky":false,"template":"","format":"video","meta":[],"categories":[69,68],"tags":[244,226,65],"_links":{"self":[{"href":"http:\/\/www.edition-schwarzdruck.de\/index.php?rest_route=\/wp\/v2\/posts\/5092"}],"collection":[{"href":"http:\/\/www.edition-schwarzdruck.de\/index.php?rest_route=\/wp\/v2\/posts"}],"about":[{"href":"http:\/\/www.edition-schwarzdruck.de\/index.php?rest_route=\/wp\/v2\/types\/post"}],"author":[{"embeddable":true,"href":"http:\/\/www.edition-schwarzdruck.de\/index.php?rest_route=\/wp\/v2\/users\/2"}],"replies":[{"embeddable":true,"href":"http:\/\/www.edition-schwarzdruck.de\/index.php?rest_route=%2Fwp%2Fv2%2Fcomments&post=5092"}],"version-history":[{"count":5,"href":"http:\/\/www.edition-schwarzdruck.de\/index.php?rest_route=\/wp\/v2\/posts\/5092\/revisions"}],"predecessor-version":[{"id":5097,"href":"http:\/\/www.edition-schwarzdruck.de\/index.php?rest_route=\/wp\/v2\/posts\/5092\/revisions\/5097"}],"wp:attachment":[{"href":"http:\/\/www.edition-schwarzdruck.de\/index.php?rest_route=%2Fwp%2Fv2%2Fmedia&parent=5092"}],"wp:term":[{"taxonomy":"category","embeddable":true,"href":"http:\/\/www.edition-schwarzdruck.de\/index.php?rest_route=%2Fwp%2Fv2%2Fcategories&post=5092"},{"taxonomy":"post_tag","embeddable":true,"href":"http:\/\/www.edition-schwarzdruck.de\/index.php?rest_route=%2Fwp%2Fv2%2Ftags&post=5092"}],"curies":[{"name":"wp","href":"https:\/\/api.w.org\/{rel}","templated":true}]}}