{"id":5089,"date":"2020-04-01T22:07:48","date_gmt":"2020-04-01T20:07:48","guid":{"rendered":"http:\/\/www.edition-schwarzdruck.de\/?p=5089"},"modified":"2020-04-01T22:09:38","modified_gmt":"2020-04-01T20:09:38","slug":"er-ist-nicht-der-wirklich-letzte","status":"publish","type":"post","link":"http:\/\/www.edition-schwarzdruck.de\/?p=5089","title":{"rendered":"Er ist nicht der wirklich Letzte"},"content":{"rendered":"<p>Bleisetzer und Buchdrucker, aber sicherlich einer Letzten dieser Art. Unser lieber Freund und Kollege Oskar war Filmobjekt bei dieser Serie des bayerischen Fernsehens \u00fcber aussterbende Berufe. Dass es im Film etwas betulich zugeht &#8230; geben wir gerne zu. In Zeiten allgemeiner Entschleunigung aber nicht verkehrt. Sehenswert ist der Film trotzdem. Sch\u00f6ne Gr\u00fc\u00dfe nach Bayern!<\/p>\n","protected":false},"excerpt":{"rendered":"<p>Bleisetzer und Buchdrucker, aber sicherlich einer Letzten dieser Art. Unser lieber Freund und Kollege Oskar war Filmobjekt bei dieser Serie des bayerischen Fernsehens \u00fcber aussterbende Berufe. Dass es im Film etwas betulich zugeht &#8230; geben wir gerne zu. In Zeiten allgemeiner Entschleunigung aber nicht verkehrt. Sehenswert ist der Film trotzdem. Sch\u00f6ne Gr\u00fc\u00dfe nach Bayern!<\/p>\n","protected":false},"author":2,"featured_media":0,"comment_status":"open","ping_status":"open","sticky":false,"template":"","format":"video","meta":[],"categories":[249],"tags":[143,252,210,250,105,120,119],"_links":{"self":[{"href":"http:\/\/www.edition-schwarzdruck.de\/index.php?rest_route=\/wp\/v2\/posts\/5089"}],"collection":[{"href":"http:\/\/www.edition-schwarzdruck.de\/index.php?rest_route=\/wp\/v2\/posts"}],"about":[{"href":"http:\/\/www.edition-schwarzdruck.de\/index.php?rest_route=\/wp\/v2\/types\/post"}],"author":[{"embeddable":true,"href":"http:\/\/www.edition-schwarzdruck.de\/index.php?rest_route=\/wp\/v2\/users\/2"}],"replies":[{"embeddable":true,"href":"http:\/\/www.edition-schwarzdruck.de\/index.php?rest_route=%2Fwp%2Fv2%2Fcomments&post=5089"}],"version-history":[{"count":2,"href":"http:\/\/www.edition-schwarzdruck.de\/index.php?rest_route=\/wp\/v2\/posts\/5089\/revisions"}],"predecessor-version":[{"id":5091,"href":"http:\/\/www.edition-schwarzdruck.de\/index.php?rest_route=\/wp\/v2\/posts\/5089\/revisions\/5091"}],"wp:attachment":[{"href":"http:\/\/www.edition-schwarzdruck.de\/index.php?rest_route=%2Fwp%2Fv2%2Fmedia&parent=5089"}],"wp:term":[{"taxonomy":"category","embeddable":true,"href":"http:\/\/www.edition-schwarzdruck.de\/index.php?rest_route=%2Fwp%2Fv2%2Fcategories&post=5089"},{"taxonomy":"post_tag","embeddable":true,"href":"http:\/\/www.edition-schwarzdruck.de\/index.php?rest_route=%2Fwp%2Fv2%2Ftags&post=5089"}],"curies":[{"name":"wp","href":"https:\/\/api.w.org\/{rel}","templated":true}]}}