{"id":5082,"date":"2020-03-31T00:14:56","date_gmt":"2020-03-30T22:14:56","guid":{"rendered":"http:\/\/www.edition-schwarzdruck.de\/?p=5082"},"modified":"2020-03-31T00:15:49","modified_gmt":"2020-03-30T22:15:49","slug":"das-heutige-musikhaeppchen","status":"publish","type":"post","link":"http:\/\/www.edition-schwarzdruck.de\/?p=5082","title":{"rendered":"Das heutige Musikh\u00e4ppchen"},"content":{"rendered":"<p>kommt vom anderen Ende der Welt &#8211; da wo es so dolle gebrannt hat. Oder brennts da immer noch? Man h\u00f6rt ja gar nichts mehr au\u00dfer Corona.<br \/>\nAlso: &#8222;Sola Rosa&#8220; ist ein sehr innovatives Musikkollektiv, die alles M\u00f6gliche zwischen Musikselbermachen und Remixen treiben und dabei im Laufe der Jahre allerhand \u00a0H\u00f6renswertes auf allerhand Alben ver\u00f6ffentlicht haben. Mir gef\u00e4llt nicht alles, aber vieles. Und das St\u00fcck ist einfach der Hammer. Die S\u00e4ngerin geh\u00f6rt nicht zum Kollektiv, sondern wurde wohl nur f\u00fcr diesen Song verpflichtet, von dem es \u00fcbrigens reichlich verschiedenste und fast allesamt ebenfalls h\u00f6renswerte Remixe gibt. Iva Lamkun hei\u00dft die Gute und hat eine Stimme, die in ihren jungen Jahren schon fast eine Unversch\u00e4mtheit ist. Aber eben gro\u00dfartig, auch wenn ihre erste eigene Platte nicht ganz so toll wie dieses St\u00fcck it. Es gibt aber im Netz sehr sch\u00f6ne Konzertvideos von ihr, bei denen sie richtig gut Jazz singt &#8230;<\/p>\n","protected":false},"excerpt":{"rendered":"<p>kommt vom anderen Ende der Welt &#8211; da wo es so dolle gebrannt hat. Oder brennts da immer noch? Man h\u00f6rt ja gar nichts mehr au\u00dfer Corona. Also: &#8222;Sola Rosa&#8220; ist ein sehr innovatives Musikkollektiv, die alles M\u00f6gliche zwischen Musikselbermachen und Remixen treiben und dabei im Laufe der Jahre allerhand \u00a0H\u00f6renswertes auf allerhand Alben ver\u00f6ffentlicht [&hellip;]<\/p>\n","protected":false},"author":2,"featured_media":0,"comment_status":"open","ping_status":"open","sticky":false,"template":"","format":"video","meta":[],"categories":[68],"tags":[145,65,21],"_links":{"self":[{"href":"http:\/\/www.edition-schwarzdruck.de\/index.php?rest_route=\/wp\/v2\/posts\/5082"}],"collection":[{"href":"http:\/\/www.edition-schwarzdruck.de\/index.php?rest_route=\/wp\/v2\/posts"}],"about":[{"href":"http:\/\/www.edition-schwarzdruck.de\/index.php?rest_route=\/wp\/v2\/types\/post"}],"author":[{"embeddable":true,"href":"http:\/\/www.edition-schwarzdruck.de\/index.php?rest_route=\/wp\/v2\/users\/2"}],"replies":[{"embeddable":true,"href":"http:\/\/www.edition-schwarzdruck.de\/index.php?rest_route=%2Fwp%2Fv2%2Fcomments&post=5082"}],"version-history":[{"count":1,"href":"http:\/\/www.edition-schwarzdruck.de\/index.php?rest_route=\/wp\/v2\/posts\/5082\/revisions"}],"predecessor-version":[{"id":5083,"href":"http:\/\/www.edition-schwarzdruck.de\/index.php?rest_route=\/wp\/v2\/posts\/5082\/revisions\/5083"}],"wp:attachment":[{"href":"http:\/\/www.edition-schwarzdruck.de\/index.php?rest_route=%2Fwp%2Fv2%2Fmedia&parent=5082"}],"wp:term":[{"taxonomy":"category","embeddable":true,"href":"http:\/\/www.edition-schwarzdruck.de\/index.php?rest_route=%2Fwp%2Fv2%2Fcategories&post=5082"},{"taxonomy":"post_tag","embeddable":true,"href":"http:\/\/www.edition-schwarzdruck.de\/index.php?rest_route=%2Fwp%2Fv2%2Ftags&post=5082"}],"curies":[{"name":"wp","href":"https:\/\/api.w.org\/{rel}","templated":true}]}}