{"id":5073,"date":"2020-03-30T01:28:28","date_gmt":"2020-03-29T23:28:28","guid":{"rendered":"http:\/\/www.edition-schwarzdruck.de\/?p=5073"},"modified":"2020-03-30T01:44:40","modified_gmt":"2020-03-29T23:44:40","slug":"sea-of-time","status":"publish","type":"post","link":"http:\/\/www.edition-schwarzdruck.de\/?p=5073","title":{"rendered":"Sea of Time &#8211;"},"content":{"rendered":"<p>ham ja jetzt viele. Sonntags in alten Platten gekramt und das wiedergefunden und wieder toll gefunden. Die &#8222;Rainbirds&#8220; aus den sp\u00e4ten 80ern, fr\u00fchen 90ern waren damals eine der besten Westberliner Bands, was nicht ganz unma\u00dfgeblich an der grandiosen Katarina Franck lag. Gesehen hab ich sie zuerst bei dem legend\u00e4ren Konzert in der Ostberliner Radrennbahn Wei\u00dfensee 1987 (oder war es erst 1988?), wo mich der Auftritt dieser mir bis dahin v\u00f6llig unbekannten Band einerseits schwer begeisterte, andererseits etwas nervte. Weil: je l\u00e4nger die spielten, desto weniger w\u00fcrde ich von dem danach auftretenden James Brown sehen, weil ich mich verpflichtet hatte, holl\u00e4ndische Freunde noch rechtzeitig vor 24 Uhr zur R\u00fcckreise am Grenz\u00fcbergang in der Friedrichstra\u00dfe abzuliefern. Es kam wie es kommen musste: die Rainbirds spielten, weil sie schon alle Titel ihrer damals einzigen Platten gespielt hatten, ihren gr\u00f6\u00dften Heuler &#8222;Blueprint&#8220; noch einmal und dann sogar noch eine wunderbare und leider nie irgendwo ver\u00f6ffentlichte Fassung von &#8222;Walk on by&#8220; und dann &#8222;Blueprint&#8220; zum drittenmal und deshalb hab ich James Brown nie leibhaftig auf der B\u00fchne gesehen, sondern musste nach den viertelst\u00fcndigen Anheizen seiner Band dann doch abr\u00fccken, bevor der gro\u00dfe Meister endlich selber kam. Schade. &#8222;Blueprint&#8220; h\u00f6re ich seitdem nicht mehr so gerne.<br \/>\nTrotzdem sind die Rainbirds, vor allem ihre ersten zwei Platten, immer noch echte Perlen deutscher Popmusik, die leider in Vergessenheit geraten sind. Junge Menschen heute kennen diese Band leider gar nicht mehr, obwohl die kleine Frau mit adergro\u00dfen Stimme die Band vor ein paar Jahren noch einmal neu belebte und sogar eine neue Platte ver\u00f6ffentlichte. Aber das Projekt scheint mittlerweile gestorben zu sein &#8230; schade. Deshalb ist aber das W\u00fchlen in alten Platten so sch\u00f6n &#8230;<br \/>\nAchse, bevor es Fragen gibt: Ja, der eine junge Mann ist dann zu den \u00c4rzten gegangen. Bei oben erw\u00e4hnten Konzert hat er \u00fcbrigens noch ein Blauhemd getragen &#8230;<\/p>\n","protected":false},"excerpt":{"rendered":"<p>ham ja jetzt viele. Sonntags in alten Platten gekramt und das wiedergefunden und wieder toll gefunden. Die &#8222;Rainbirds&#8220; aus den sp\u00e4ten 80ern, fr\u00fchen 90ern waren damals eine der besten Westberliner Bands, was nicht ganz unma\u00dfgeblich an der grandiosen Katarina Franck lag. Gesehen hab ich sie zuerst bei dem legend\u00e4ren Konzert in der Ostberliner Radrennbahn Wei\u00dfensee [&hellip;]<\/p>\n","protected":false},"author":2,"featured_media":0,"comment_status":"open","ping_status":"open","sticky":false,"template":"","format":"video","meta":[],"categories":[68],"tags":[244,65,21],"_links":{"self":[{"href":"http:\/\/www.edition-schwarzdruck.de\/index.php?rest_route=\/wp\/v2\/posts\/5073"}],"collection":[{"href":"http:\/\/www.edition-schwarzdruck.de\/index.php?rest_route=\/wp\/v2\/posts"}],"about":[{"href":"http:\/\/www.edition-schwarzdruck.de\/index.php?rest_route=\/wp\/v2\/types\/post"}],"author":[{"embeddable":true,"href":"http:\/\/www.edition-schwarzdruck.de\/index.php?rest_route=\/wp\/v2\/users\/2"}],"replies":[{"embeddable":true,"href":"http:\/\/www.edition-schwarzdruck.de\/index.php?rest_route=%2Fwp%2Fv2%2Fcomments&post=5073"}],"version-history":[{"count":8,"href":"http:\/\/www.edition-schwarzdruck.de\/index.php?rest_route=\/wp\/v2\/posts\/5073\/revisions"}],"predecessor-version":[{"id":5081,"href":"http:\/\/www.edition-schwarzdruck.de\/index.php?rest_route=\/wp\/v2\/posts\/5073\/revisions\/5081"}],"wp:attachment":[{"href":"http:\/\/www.edition-schwarzdruck.de\/index.php?rest_route=%2Fwp%2Fv2%2Fmedia&parent=5073"}],"wp:term":[{"taxonomy":"category","embeddable":true,"href":"http:\/\/www.edition-schwarzdruck.de\/index.php?rest_route=%2Fwp%2Fv2%2Fcategories&post=5073"},{"taxonomy":"post_tag","embeddable":true,"href":"http:\/\/www.edition-schwarzdruck.de\/index.php?rest_route=%2Fwp%2Fv2%2Ftags&post=5073"}],"curies":[{"name":"wp","href":"https:\/\/api.w.org\/{rel}","templated":true}]}}