{"id":5067,"date":"2020-03-28T01:47:02","date_gmt":"2020-03-27T23:47:02","guid":{"rendered":"http:\/\/www.edition-schwarzdruck.de\/?p=5067"},"modified":"2020-03-28T01:47:02","modified_gmt":"2020-03-27T23:47:02","slug":"frans-de-jong","status":"publish","type":"post","link":"http:\/\/www.edition-schwarzdruck.de\/?p=5067","title":{"rendered":"Frans de Jong"},"content":{"rendered":"<p>war in den Niederlanden zumindest in den einschl\u00e4gigen Fachkreisen ein hochverehrter Kollege, Vorbild, Anreger, f\u00fcr manche so eine Art Gott. Er ist uralt geworden und hat bis zuletzt sch\u00f6pferisch gearbeitet, aber ist vor ein paar Jahren dann doch gestorben. Leider kennt ihn zumindest hierzulande kaum jemand und vermutlich ist das \u00fcberall au\u00dferhalb Hollands so. Es gibt eine etwas ausf\u00fchrlichere DVD \u00fcber ihn und ein klitzekleines B\u00e4ndchen auf Papier mit viel zu wenig Abbildungen seiner Arbeiten, die darin obendrein zum Teil leider nur schwarz-wei\u00df reproduziert wurden. Kein Wunder also, dass ihn kaum jemand kennt. Aber vielleicht k\u00f6nnen wir mit unserem coronabedingten Bildungsprogramm ein bisschen mehr Aufmerksamkeit auf diesen wunderbaren Kollegen und seine phantastischen Arbeiten erregen &#8230;<\/p>\n","protected":false},"excerpt":{"rendered":"<p>war in den Niederlanden zumindest in den einschl\u00e4gigen Fachkreisen ein hochverehrter Kollege, Vorbild, Anreger, f\u00fcr manche so eine Art Gott. Er ist uralt geworden und hat bis zuletzt sch\u00f6pferisch gearbeitet, aber ist vor ein paar Jahren dann doch gestorben. Leider kennt ihn zumindest hierzulande kaum jemand und vermutlich ist das \u00fcberall au\u00dferhalb Hollands so. Es [&hellip;]<\/p>\n","protected":false},"author":2,"featured_media":0,"comment_status":"open","ping_status":"open","sticky":false,"template":"","format":"video","meta":[],"categories":[69,249],"tags":[143,210,256,109,154,120,119],"_links":{"self":[{"href":"http:\/\/www.edition-schwarzdruck.de\/index.php?rest_route=\/wp\/v2\/posts\/5067"}],"collection":[{"href":"http:\/\/www.edition-schwarzdruck.de\/index.php?rest_route=\/wp\/v2\/posts"}],"about":[{"href":"http:\/\/www.edition-schwarzdruck.de\/index.php?rest_route=\/wp\/v2\/types\/post"}],"author":[{"embeddable":true,"href":"http:\/\/www.edition-schwarzdruck.de\/index.php?rest_route=\/wp\/v2\/users\/2"}],"replies":[{"embeddable":true,"href":"http:\/\/www.edition-schwarzdruck.de\/index.php?rest_route=%2Fwp%2Fv2%2Fcomments&post=5067"}],"version-history":[{"count":1,"href":"http:\/\/www.edition-schwarzdruck.de\/index.php?rest_route=\/wp\/v2\/posts\/5067\/revisions"}],"predecessor-version":[{"id":5068,"href":"http:\/\/www.edition-schwarzdruck.de\/index.php?rest_route=\/wp\/v2\/posts\/5067\/revisions\/5068"}],"wp:attachment":[{"href":"http:\/\/www.edition-schwarzdruck.de\/index.php?rest_route=%2Fwp%2Fv2%2Fmedia&parent=5067"}],"wp:term":[{"taxonomy":"category","embeddable":true,"href":"http:\/\/www.edition-schwarzdruck.de\/index.php?rest_route=%2Fwp%2Fv2%2Fcategories&post=5067"},{"taxonomy":"post_tag","embeddable":true,"href":"http:\/\/www.edition-schwarzdruck.de\/index.php?rest_route=%2Fwp%2Fv2%2Ftags&post=5067"}],"curies":[{"name":"wp","href":"https:\/\/api.w.org\/{rel}","templated":true}]}}