{"id":5055,"date":"2020-03-25T23:37:45","date_gmt":"2020-03-25T21:37:45","guid":{"rendered":"http:\/\/www.edition-schwarzdruck.de\/?p=5055"},"modified":"2020-03-25T23:37:45","modified_gmt":"2020-03-25T21:37:45","slug":"und-noch-schnell-eine-kleine","status":"publish","type":"post","link":"http:\/\/www.edition-schwarzdruck.de\/?p=5055","title":{"rendered":"&#8230; und noch schnell eine kleine,"},"content":{"rendered":"<p>aber eventuell entscheidende Bildungsl\u00fccke schlie\u00dfen &#8211; wir haben schlie\u00dflich einen Programmauftrag. Also hier das h\u00fcbsche kurzgefasste Ding, wie das mit Helvetica und Arial war &#8230;<\/p>\n","protected":false},"excerpt":{"rendered":"<p>aber eventuell entscheidende Bildungsl\u00fccke schlie\u00dfen &#8211; wir haben schlie\u00dflich einen Programmauftrag. Also hier das h\u00fcbsche kurzgefasste Ding, wie das mit Helvetica und Arial war &#8230;<\/p>\n","protected":false},"author":2,"featured_media":0,"comment_status":"open","ping_status":"open","sticky":false,"template":"","format":"video","meta":[],"categories":[249],"tags":[252,156,250,120,155,119],"_links":{"self":[{"href":"http:\/\/www.edition-schwarzdruck.de\/index.php?rest_route=\/wp\/v2\/posts\/5055"}],"collection":[{"href":"http:\/\/www.edition-schwarzdruck.de\/index.php?rest_route=\/wp\/v2\/posts"}],"about":[{"href":"http:\/\/www.edition-schwarzdruck.de\/index.php?rest_route=\/wp\/v2\/types\/post"}],"author":[{"embeddable":true,"href":"http:\/\/www.edition-schwarzdruck.de\/index.php?rest_route=\/wp\/v2\/users\/2"}],"replies":[{"embeddable":true,"href":"http:\/\/www.edition-schwarzdruck.de\/index.php?rest_route=%2Fwp%2Fv2%2Fcomments&post=5055"}],"version-history":[{"count":1,"href":"http:\/\/www.edition-schwarzdruck.de\/index.php?rest_route=\/wp\/v2\/posts\/5055\/revisions"}],"predecessor-version":[{"id":5056,"href":"http:\/\/www.edition-schwarzdruck.de\/index.php?rest_route=\/wp\/v2\/posts\/5055\/revisions\/5056"}],"wp:attachment":[{"href":"http:\/\/www.edition-schwarzdruck.de\/index.php?rest_route=%2Fwp%2Fv2%2Fmedia&parent=5055"}],"wp:term":[{"taxonomy":"category","embeddable":true,"href":"http:\/\/www.edition-schwarzdruck.de\/index.php?rest_route=%2Fwp%2Fv2%2Fcategories&post=5055"},{"taxonomy":"post_tag","embeddable":true,"href":"http:\/\/www.edition-schwarzdruck.de\/index.php?rest_route=%2Fwp%2Fv2%2Ftags&post=5055"}],"curies":[{"name":"wp","href":"https:\/\/api.w.org\/{rel}","templated":true}]}}