{"id":5024,"date":"2020-03-21T19:50:04","date_gmt":"2020-03-21T17:50:04","guid":{"rendered":"http:\/\/www.edition-schwarzdruck.de\/?p=5024"},"modified":"2020-03-21T20:31:34","modified_gmt":"2020-03-21T18:31:34","slug":"musik-fuer-den-sonntag","status":"publish","type":"post","link":"http:\/\/www.edition-schwarzdruck.de\/?p=5024","title":{"rendered":"Musik f\u00fcr den Sonntag"},"content":{"rendered":"<p>des ersten richtigen Corona-Wochenendes hierzulande: eines der 10 besten Konzerte aller Zeiten, welches ich selbst erleben durfte, war der Santana-Auftritt im &#8222;Palazzo&#8220; 1987 in Berlin-Ost. Santana hatte auch damals phantastische Musiker in seiner Band, obwohl er gerade in einer gewissen Erfolgsdelle seiner Bandgeschichte steckte. Die gro\u00dfen alten Heuler waren schon ziemlich vergessen und seine Platten aus den 80ern liefen nicht so toll, obwohl auch sie wirklich gut waren. Erst in den 90ern kam er dann wieder richtig gro\u00df raus &#8230; und so nutzte er unter anderem sein Konzert im Osten, um eindrucksvoll zu demonstrieren, dass er erstens zu den gr\u00f6\u00dften Gitarristen aller Zeiten geh\u00f6rt, zweitens eine geniale Band hat und drittens ein Liveauftritt eben doch noch was ganz anderes und im Gl\u00fccksfall viel Gr\u00f6\u00dferes als die Studioaufnahmen sein kann. Jeder einzelne Musiker bekam seinen gro\u00dfen Auftritt, au\u00dfer ein bisschen Licht gab es keine Show, gesprochen wurde auch nicht (aus R\u00fccksicht auf die vermuteten Nicht-Englischkenntnisse der Ossis?) &#8211; es war konzentrierte Musik in einem Konzert f\u00fcr die Ewigkeit. Einige der beteiligten Herren sind ja mittlerweile leider von uns gegangen &#8211; hier k\u00f6nnen wir sie nochmal bewundern.<\/p>\n<p>Das Publikum bestand zwar aus Deutschen und die Sessel im Palast der Republik waren f\u00fcr ein Rockkonzert eigentlich viel zu bequem, zu massiv und zu gut verschraubt &#8211; aber Carlos hat es wirklich geschafft, dass der ganze Saal die ganze Zeit (deutlich mehr als 2 Stunden ohne Pause &#8211; wenn ich mich richtig erinnere) komplett tanzte und tobte. Santana waren die Einzigen, die das geschafft haben. Zumindest soweit ich das beurteilen kann und ich habe etliche Konzerte dort erlebt. Es war damals nat\u00fcrlich extrem schwierig an Karten zu kommen, aber ich hatte dieses wahnsinnige Gl\u00fcck.<br \/>\nDas DDR-Fernsehen hat dankenswerter Weise die Sache aufgezeichnet und ausgestrahlt, so dass man sich auch jetzt noch ein Bild davon machen kann. Ab und an kommt es sogar noch im Fernsehen (nachts um zwei im MDR oder so) &#8211; immer wenn ich da zuf\u00e4llig reinzappe bleibe ich dort jedesmal bis zum Schlu\u00df begeistert h\u00e4ngen. Eine Platte oder CD ist leider niemals davon gemacht worden &#8211; soweit ich wei\u00df. Umso sch\u00f6ner, dass es im Web zu finden ist. Hier ist ein erster Teil von etwas \u00fcber einer Stunde Laufzeit, der zweite Teil sollte sich auch noch im Web finden lassen &#8230; viel Spa\u00df!<\/p>\n","protected":false},"excerpt":{"rendered":"<p>des ersten richtigen Corona-Wochenendes hierzulande: eines der 10 besten Konzerte aller Zeiten, welches ich selbst erleben durfte, war der Santana-Auftritt im &#8222;Palazzo&#8220; 1987 in Berlin-Ost. Santana hatte auch damals phantastische Musiker in seiner Band, obwohl er gerade in einer gewissen Erfolgsdelle seiner Bandgeschichte steckte. Die gro\u00dfen alten Heuler waren schon ziemlich vergessen und seine Platten [&hellip;]<\/p>\n","protected":false},"author":2,"featured_media":0,"comment_status":"open","ping_status":"open","sticky":false,"template":"","format":"video","meta":[],"categories":[68],"tags":[86,246,244,65,245],"_links":{"self":[{"href":"http:\/\/www.edition-schwarzdruck.de\/index.php?rest_route=\/wp\/v2\/posts\/5024"}],"collection":[{"href":"http:\/\/www.edition-schwarzdruck.de\/index.php?rest_route=\/wp\/v2\/posts"}],"about":[{"href":"http:\/\/www.edition-schwarzdruck.de\/index.php?rest_route=\/wp\/v2\/types\/post"}],"author":[{"embeddable":true,"href":"http:\/\/www.edition-schwarzdruck.de\/index.php?rest_route=\/wp\/v2\/users\/2"}],"replies":[{"embeddable":true,"href":"http:\/\/www.edition-schwarzdruck.de\/index.php?rest_route=%2Fwp%2Fv2%2Fcomments&post=5024"}],"version-history":[{"count":8,"href":"http:\/\/www.edition-schwarzdruck.de\/index.php?rest_route=\/wp\/v2\/posts\/5024\/revisions"}],"predecessor-version":[{"id":5032,"href":"http:\/\/www.edition-schwarzdruck.de\/index.php?rest_route=\/wp\/v2\/posts\/5024\/revisions\/5032"}],"wp:attachment":[{"href":"http:\/\/www.edition-schwarzdruck.de\/index.php?rest_route=%2Fwp%2Fv2%2Fmedia&parent=5024"}],"wp:term":[{"taxonomy":"category","embeddable":true,"href":"http:\/\/www.edition-schwarzdruck.de\/index.php?rest_route=%2Fwp%2Fv2%2Fcategories&post=5024"},{"taxonomy":"post_tag","embeddable":true,"href":"http:\/\/www.edition-schwarzdruck.de\/index.php?rest_route=%2Fwp%2Fv2%2Ftags&post=5024"}],"curies":[{"name":"wp","href":"https:\/\/api.w.org\/{rel}","templated":true}]}}