{"id":5000,"date":"2020-03-20T13:56:17","date_gmt":"2020-03-20T11:56:17","guid":{"rendered":"http:\/\/www.edition-schwarzdruck.de\/?p=5000"},"modified":"2020-03-20T13:57:30","modified_gmt":"2020-03-20T11:57:30","slug":"es-ist-schon-ein-paar-tage-her","status":"publish","type":"post","link":"http:\/\/www.edition-schwarzdruck.de\/?p=5000","title":{"rendered":"Es ist auch schon ein paar Tage her,"},"content":{"rendered":"<p>dass dieses wundersch\u00f6ne <a href=\"http:\/\/www.edition-schwarzdruck.de\/?portfolio=das-leise-ticken-der-sonnenuhr\">B\u00fcchlein<\/a> fertig geworden ist. Anl\u00e4sslich von Bernd Schirmes 80. Geburtstag war es uns gleicherma\u00dfen Bed\u00fcrfnis und Vergn\u00fcgen, nun auch endlich einige Erz\u00e4hlungen in Buchform erscheinen zu lassen. Da die Buchpremiere ein wenig vage f\u00fcr April\/Mai angepeilt wurde, wollten wir nun nicht zuviel Aufhebens um das bereits erfolgte Erscheinen machen &#8230;<br \/>\nNun allerdings, wo eine Buchpremiere erst einmal unabsehbar ist soll doch darauf hingewiesen werden. Das Buch ist im <a href=\"http:\/\/www.schwarzdruck-laden.de\/epages\/62465460.sf\/de_DE\/?ObjectPath=\/Shops\/62465460\/Products\/BWL-25\">Webshop<\/a>, im Buchhandel und nat\u00fcrlich auch bei Amazon erh\u00e4ltlich und kann die Quarant\u00e4ne sehr vers\u00fc\u00dfen &#8230;<\/p>\n","protected":false},"excerpt":{"rendered":"<p>dass dieses wundersch\u00f6ne B\u00fcchlein fertig geworden ist. Anl\u00e4sslich von Bernd Schirmes 80. Geburtstag war es uns gleicherma\u00dfen Bed\u00fcrfnis und Vergn\u00fcgen, nun auch endlich einige Erz\u00e4hlungen in Buchform erscheinen zu lassen. Da die Buchpremiere ein wenig vage f\u00fcr April\/Mai angepeilt wurde, wollten wir nun nicht zuviel Aufhebens um das bereits erfolgte Erscheinen machen &#8230; Nun allerdings, [&hellip;]<\/p>\n","protected":false},"author":2,"featured_media":0,"comment_status":"open","ping_status":"open","sticky":false,"template":"","format":"image","meta":[],"categories":[84],"tags":[240,228,241,147],"_links":{"self":[{"href":"http:\/\/www.edition-schwarzdruck.de\/index.php?rest_route=\/wp\/v2\/posts\/5000"}],"collection":[{"href":"http:\/\/www.edition-schwarzdruck.de\/index.php?rest_route=\/wp\/v2\/posts"}],"about":[{"href":"http:\/\/www.edition-schwarzdruck.de\/index.php?rest_route=\/wp\/v2\/types\/post"}],"author":[{"embeddable":true,"href":"http:\/\/www.edition-schwarzdruck.de\/index.php?rest_route=\/wp\/v2\/users\/2"}],"replies":[{"embeddable":true,"href":"http:\/\/www.edition-schwarzdruck.de\/index.php?rest_route=%2Fwp%2Fv2%2Fcomments&post=5000"}],"version-history":[{"count":4,"href":"http:\/\/www.edition-schwarzdruck.de\/index.php?rest_route=\/wp\/v2\/posts\/5000\/revisions"}],"predecessor-version":[{"id":5012,"href":"http:\/\/www.edition-schwarzdruck.de\/index.php?rest_route=\/wp\/v2\/posts\/5000\/revisions\/5012"}],"wp:attachment":[{"href":"http:\/\/www.edition-schwarzdruck.de\/index.php?rest_route=%2Fwp%2Fv2%2Fmedia&parent=5000"}],"wp:term":[{"taxonomy":"category","embeddable":true,"href":"http:\/\/www.edition-schwarzdruck.de\/index.php?rest_route=%2Fwp%2Fv2%2Fcategories&post=5000"},{"taxonomy":"post_tag","embeddable":true,"href":"http:\/\/www.edition-schwarzdruck.de\/index.php?rest_route=%2Fwp%2Fv2%2Ftags&post=5000"}],"curies":[{"name":"wp","href":"https:\/\/api.w.org\/{rel}","templated":true}]}}