{"id":4964,"date":"2020-01-06T18:54:23","date_gmt":"2020-01-06T16:54:23","guid":{"rendered":"http:\/\/www.edition-schwarzdruck.de\/?p=4964"},"modified":"2020-01-06T18:54:23","modified_gmt":"2020-01-06T16:54:23","slug":"das-neue-jahr-geht-schon-mal-gut-los","status":"publish","type":"post","link":"http:\/\/www.edition-schwarzdruck.de\/?p=4964","title":{"rendered":"Das neue Jahr geht schon mal &#8222;gut&#8220; los &#8211;"},"content":{"rendered":"<p>das Porto zum B\u00fccherverschicken ist schon wieder deutlich teurer geworden. Die B\u00fcchersendung (die bis 2018 1,20 bzw. 1,70 kostete) wurde im vorigen Jahr ja bekanntlich nicht verteuert, sondern einfach nur abgeschafft. Daf\u00fcr sollte man B\u00fccher nunmehr als Warensendung f\u00fcr 1,70 bzw. 2,20 verschicken, die genausowenig verfolgbar ist wie die dauernd verschwundenen B\u00fcchersendungen. Wegen einiger Proteste hat die Post &#8222;aus Kulanz&#8220; einger\u00e4umt, die alten Preise bis zum Dezember 2019 trotzdem zu akzeptieren. Die eine oder andere so frankierte B\u00fcchersendung ist sogar angekommen, es sind allerdings ungef\u00e4hr 15 bis 20% dieser Sendungen einfach verschwunden. Besonders im Dezember 2019: wir haben ungef\u00e4hr jede zweite B\u00fcchersendung als Totalverlust zu beklagen.<\/p>\n<p>Das Jahr 2019 hat die Post f\u00fcr die \u00dcberlegung genutzt, dass die Warensendung immer noch zu billig ist: die billige Variante bis 500g kostet jetzt sogar schon 1,90 und eine Sendungsverfolgung gibt es dabei nat\u00fcrlich immer noch nicht. Eine &#8222;richtige&#8220; B\u00fcchersendung gibt es nun auch &#8211; endg\u00fcltig &#8211; nicht mehr.<\/p>\n<p>Wir werden also die Versandpreise erh\u00f6hen m\u00fcssen und alles, was nicht als Gro\u00dfbrief (1,55 Euro) verschickt werden kann (in einen Gro\u00dfbrief passen nur nur d\u00fcnne einzelne kleine B\u00fccher) geht jetzt national als Hermes-P\u00e4ckchen auf die Reise. Und kostet 4,30. Das Verpackungsmaterial bezahlen nun wir selber, aber noch mehr k\u00f6nnen wir den Buchh\u00e4ndlern leider nicht abnehmen.<\/p>\n<p>Soweit zum Lese- und Kulturland Deutschland.<\/p>\n","protected":false},"excerpt":{"rendered":"<p>das Porto zum B\u00fccherverschicken ist schon wieder deutlich teurer geworden. Die B\u00fcchersendung (die bis 2018 1,20 bzw. 1,70 kostete) wurde im vorigen Jahr ja bekanntlich nicht verteuert, sondern einfach nur abgeschafft. Daf\u00fcr sollte man B\u00fccher nunmehr als Warensendung f\u00fcr 1,70 bzw. 2,20 verschicken, die genausowenig verfolgbar ist wie die dauernd verschwundenen B\u00fcchersendungen. Wegen einiger Proteste [&hellip;]<\/p>\n","protected":false},"author":2,"featured_media":0,"comment_status":"open","ping_status":"open","sticky":false,"template":"","format":"standard","meta":[],"categories":[1],"tags":[],"_links":{"self":[{"href":"http:\/\/www.edition-schwarzdruck.de\/index.php?rest_route=\/wp\/v2\/posts\/4964"}],"collection":[{"href":"http:\/\/www.edition-schwarzdruck.de\/index.php?rest_route=\/wp\/v2\/posts"}],"about":[{"href":"http:\/\/www.edition-schwarzdruck.de\/index.php?rest_route=\/wp\/v2\/types\/post"}],"author":[{"embeddable":true,"href":"http:\/\/www.edition-schwarzdruck.de\/index.php?rest_route=\/wp\/v2\/users\/2"}],"replies":[{"embeddable":true,"href":"http:\/\/www.edition-schwarzdruck.de\/index.php?rest_route=%2Fwp%2Fv2%2Fcomments&post=4964"}],"version-history":[{"count":1,"href":"http:\/\/www.edition-schwarzdruck.de\/index.php?rest_route=\/wp\/v2\/posts\/4964\/revisions"}],"predecessor-version":[{"id":4965,"href":"http:\/\/www.edition-schwarzdruck.de\/index.php?rest_route=\/wp\/v2\/posts\/4964\/revisions\/4965"}],"wp:attachment":[{"href":"http:\/\/www.edition-schwarzdruck.de\/index.php?rest_route=%2Fwp%2Fv2%2Fmedia&parent=4964"}],"wp:term":[{"taxonomy":"category","embeddable":true,"href":"http:\/\/www.edition-schwarzdruck.de\/index.php?rest_route=%2Fwp%2Fv2%2Fcategories&post=4964"},{"taxonomy":"post_tag","embeddable":true,"href":"http:\/\/www.edition-schwarzdruck.de\/index.php?rest_route=%2Fwp%2Fv2%2Ftags&post=4964"}],"curies":[{"name":"wp","href":"https:\/\/api.w.org\/{rel}","templated":true}]}}