{"id":4960,"date":"2019-12-31T18:05:55","date_gmt":"2019-12-31T16:05:55","guid":{"rendered":"http:\/\/www.edition-schwarzdruck.de\/?p=4960"},"modified":"2019-12-31T18:05:55","modified_gmt":"2019-12-31T16:05:55","slug":"es-war-nur-ein-klitzekleiner-schritt","status":"publish","type":"post","link":"http:\/\/www.edition-schwarzdruck.de\/?p=4960","title":{"rendered":"Es war nur ein klitzekleiner Schritt"},"content":{"rendered":"<p>f\u00fcr die Menschheit, aber ein gro\u00dfer Sprung f\u00fcr den Schwarzdrucker. Vorgestern lie\u00df ich die Ente zu Wasser &#8230; endlich wirklich!<br \/>\nYeah Yeah Yeah!<\/p>\n","protected":false},"excerpt":{"rendered":"<p>f\u00fcr die Menschheit, aber ein gro\u00dfer Sprung f\u00fcr den Schwarzdrucker. Vorgestern lie\u00df ich die Ente zu Wasser &#8230; endlich wirklich! Yeah Yeah Yeah!<\/p>\n","protected":false},"author":2,"featured_media":0,"comment_status":"open","ping_status":"open","sticky":false,"template":"","format":"image","meta":[],"categories":[1],"tags":[],"_links":{"self":[{"href":"http:\/\/www.edition-schwarzdruck.de\/index.php?rest_route=\/wp\/v2\/posts\/4960"}],"collection":[{"href":"http:\/\/www.edition-schwarzdruck.de\/index.php?rest_route=\/wp\/v2\/posts"}],"about":[{"href":"http:\/\/www.edition-schwarzdruck.de\/index.php?rest_route=\/wp\/v2\/types\/post"}],"author":[{"embeddable":true,"href":"http:\/\/www.edition-schwarzdruck.de\/index.php?rest_route=\/wp\/v2\/users\/2"}],"replies":[{"embeddable":true,"href":"http:\/\/www.edition-schwarzdruck.de\/index.php?rest_route=%2Fwp%2Fv2%2Fcomments&post=4960"}],"version-history":[{"count":1,"href":"http:\/\/www.edition-schwarzdruck.de\/index.php?rest_route=\/wp\/v2\/posts\/4960\/revisions"}],"predecessor-version":[{"id":4961,"href":"http:\/\/www.edition-schwarzdruck.de\/index.php?rest_route=\/wp\/v2\/posts\/4960\/revisions\/4961"}],"wp:attachment":[{"href":"http:\/\/www.edition-schwarzdruck.de\/index.php?rest_route=%2Fwp%2Fv2%2Fmedia&parent=4960"}],"wp:term":[{"taxonomy":"category","embeddable":true,"href":"http:\/\/www.edition-schwarzdruck.de\/index.php?rest_route=%2Fwp%2Fv2%2Fcategories&post=4960"},{"taxonomy":"post_tag","embeddable":true,"href":"http:\/\/www.edition-schwarzdruck.de\/index.php?rest_route=%2Fwp%2Fv2%2Ftags&post=4960"}],"curies":[{"name":"wp","href":"https:\/\/api.w.org\/{rel}","templated":true}]}}