{"id":4952,"date":"2019-12-07T16:48:00","date_gmt":"2019-12-07T14:48:00","guid":{"rendered":"http:\/\/www.edition-schwarzdruck.de\/?p=4952"},"modified":"2019-12-07T16:48:00","modified_gmt":"2019-12-07T14:48:00","slug":"alles-gute","status":"publish","type":"post","link":"http:\/\/www.edition-schwarzdruck.de\/?p=4952","title":{"rendered":"Alles Gute"},"content":{"rendered":"<p>zum Siebzigsten! Der gr\u00f6\u00dfte Popmusiker aller Zeiten feiert heute mal wieder Geburtstag. Ein guter Grund mal wieder reinzuh\u00f6ren.<\/p>\n","protected":false},"excerpt":{"rendered":"<p>zum Siebzigsten! Der gr\u00f6\u00dfte Popmusiker aller Zeiten feiert heute mal wieder Geburtstag. Ein guter Grund mal wieder reinzuh\u00f6ren.<\/p>\n","protected":false},"author":2,"featured_media":0,"comment_status":"open","ping_status":"open","sticky":false,"template":"","format":"video","meta":[],"categories":[69,68],"tags":[141],"_links":{"self":[{"href":"http:\/\/www.edition-schwarzdruck.de\/index.php?rest_route=\/wp\/v2\/posts\/4952"}],"collection":[{"href":"http:\/\/www.edition-schwarzdruck.de\/index.php?rest_route=\/wp\/v2\/posts"}],"about":[{"href":"http:\/\/www.edition-schwarzdruck.de\/index.php?rest_route=\/wp\/v2\/types\/post"}],"author":[{"embeddable":true,"href":"http:\/\/www.edition-schwarzdruck.de\/index.php?rest_route=\/wp\/v2\/users\/2"}],"replies":[{"embeddable":true,"href":"http:\/\/www.edition-schwarzdruck.de\/index.php?rest_route=%2Fwp%2Fv2%2Fcomments&post=4952"}],"version-history":[{"count":2,"href":"http:\/\/www.edition-schwarzdruck.de\/index.php?rest_route=\/wp\/v2\/posts\/4952\/revisions"}],"predecessor-version":[{"id":4954,"href":"http:\/\/www.edition-schwarzdruck.de\/index.php?rest_route=\/wp\/v2\/posts\/4952\/revisions\/4954"}],"wp:attachment":[{"href":"http:\/\/www.edition-schwarzdruck.de\/index.php?rest_route=%2Fwp%2Fv2%2Fmedia&parent=4952"}],"wp:term":[{"taxonomy":"category","embeddable":true,"href":"http:\/\/www.edition-schwarzdruck.de\/index.php?rest_route=%2Fwp%2Fv2%2Fcategories&post=4952"},{"taxonomy":"post_tag","embeddable":true,"href":"http:\/\/www.edition-schwarzdruck.de\/index.php?rest_route=%2Fwp%2Fv2%2Ftags&post=4952"}],"curies":[{"name":"wp","href":"https:\/\/api.w.org\/{rel}","templated":true}]}}