{"id":4949,"date":"2019-11-26T17:11:37","date_gmt":"2019-11-26T15:11:37","guid":{"rendered":"http:\/\/www.edition-schwarzdruck.de\/?p=4949"},"modified":"2019-11-26T17:11:37","modified_gmt":"2019-11-26T15:11:37","slug":"naechstes-wochenende-in-potsdam","status":"publish","type":"post","link":"http:\/\/www.edition-schwarzdruck.de\/?p=4949","title":{"rendered":"N\u00e4chstes Wochenende in Potsdam:"},"content":{"rendered":"<p>Die-6 Stunden-Brandenburgs-B\u00fccher-Messe. &#8222;Sch\u00f6ne B\u00fccher aus Brandenburg&#8220; war im vorigen Jahr erfolgreich UND hat Spa\u00df gemacht. Also dieses Jahr wieder! Am Sonnabend ist die letzte Gelegenheit, die Edition Schwarzdruck auf einer Messe in diesem Jahr zu erleben. Wir bringen unsere Neuigkeiten mit: den Widerdruck-Kalender, den K\u00f6rbel, die Kohl, den Goerdten &#8230; F\u00fcr das komplette Programm ist der Tisch zu klein. Wir sehen uns &#8211; hoffentlich!<br \/>\nGenauere Infos: https:\/\/www.bibliothek.potsdam.de\/schoene-buecher-aus-brandenburg-verkaufsausstellung-brandenburger-buchverlage<\/p>\n","protected":false},"excerpt":{"rendered":"<p>Die-6 Stunden-Brandenburgs-B\u00fccher-Messe. &#8222;Sch\u00f6ne B\u00fccher aus Brandenburg&#8220; war im vorigen Jahr erfolgreich UND hat Spa\u00df gemacht. Also dieses Jahr wieder! Am Sonnabend ist die letzte Gelegenheit, die Edition Schwarzdruck auf einer Messe in diesem Jahr zu erleben. Wir bringen unsere Neuigkeiten mit: den Widerdruck-Kalender, den K\u00f6rbel, die Kohl, den Goerdten &#8230; F\u00fcr das komplette Programm ist [&hellip;]<\/p>\n","protected":false},"author":2,"featured_media":0,"comment_status":"open","ping_status":"open","sticky":false,"template":"","format":"standard","meta":[],"categories":[1],"tags":[],"_links":{"self":[{"href":"http:\/\/www.edition-schwarzdruck.de\/index.php?rest_route=\/wp\/v2\/posts\/4949"}],"collection":[{"href":"http:\/\/www.edition-schwarzdruck.de\/index.php?rest_route=\/wp\/v2\/posts"}],"about":[{"href":"http:\/\/www.edition-schwarzdruck.de\/index.php?rest_route=\/wp\/v2\/types\/post"}],"author":[{"embeddable":true,"href":"http:\/\/www.edition-schwarzdruck.de\/index.php?rest_route=\/wp\/v2\/users\/2"}],"replies":[{"embeddable":true,"href":"http:\/\/www.edition-schwarzdruck.de\/index.php?rest_route=%2Fwp%2Fv2%2Fcomments&post=4949"}],"version-history":[{"count":1,"href":"http:\/\/www.edition-schwarzdruck.de\/index.php?rest_route=\/wp\/v2\/posts\/4949\/revisions"}],"predecessor-version":[{"id":4950,"href":"http:\/\/www.edition-schwarzdruck.de\/index.php?rest_route=\/wp\/v2\/posts\/4949\/revisions\/4950"}],"wp:attachment":[{"href":"http:\/\/www.edition-schwarzdruck.de\/index.php?rest_route=%2Fwp%2Fv2%2Fmedia&parent=4949"}],"wp:term":[{"taxonomy":"category","embeddable":true,"href":"http:\/\/www.edition-schwarzdruck.de\/index.php?rest_route=%2Fwp%2Fv2%2Fcategories&post=4949"},{"taxonomy":"post_tag","embeddable":true,"href":"http:\/\/www.edition-schwarzdruck.de\/index.php?rest_route=%2Fwp%2Fv2%2Ftags&post=4949"}],"curies":[{"name":"wp","href":"https:\/\/api.w.org\/{rel}","templated":true}]}}