{"id":4943,"date":"2019-11-19T20:14:03","date_gmt":"2019-11-19T18:14:03","guid":{"rendered":"http:\/\/www.edition-schwarzdruck.de\/?p=4943"},"modified":"2019-11-19T20:14:03","modified_gmt":"2019-11-19T18:14:03","slug":"die-artbook-2019","status":"publish","type":"post","link":"http:\/\/www.edition-schwarzdruck.de\/?p=4943","title":{"rendered":"Die ArtBook 2019"},"content":{"rendered":"<p>vom n\u00e4chsten Freitag bis Sonntag im Berliner Bethanien-Haus muss leider ohne Schwarzdruck auskommen: Wir bauen. Irgendwann muss es ja auch hier im Haus vorw\u00e4rtsgehen und dank guter Freunde Mithilfe kommen wir hier gerade gut voran &#8230; deshalb auch keine Berlinausfl\u00fcge &#8211; weder als Besucher noch als als Aussteller.<br \/>\nLiebe Gr\u00fc\u00dfe an die Kollegen!<\/p>\n<p>Trotzdem sei diese Veranstaltung nat\u00fcrlich allen an Herz gelegt &#8211; auch ohne uns ist sie in jedem Fall besuchenswert!<\/p>\n","protected":false},"excerpt":{"rendered":"<p>vom n\u00e4chsten Freitag bis Sonntag im Berliner Bethanien-Haus muss leider ohne Schwarzdruck auskommen: Wir bauen. Irgendwann muss es ja auch hier im Haus vorw\u00e4rtsgehen und dank guter Freunde Mithilfe kommen wir hier gerade gut voran &#8230; deshalb auch keine Berlinausfl\u00fcge &#8211; weder als Besucher noch als als Aussteller. Liebe Gr\u00fc\u00dfe an die Kollegen! Trotzdem sei [&hellip;]<\/p>\n","protected":false},"author":2,"featured_media":0,"comment_status":"open","ping_status":"open","sticky":false,"template":"","format":"standard","meta":[],"categories":[49],"tags":[237,204],"_links":{"self":[{"href":"http:\/\/www.edition-schwarzdruck.de\/index.php?rest_route=\/wp\/v2\/posts\/4943"}],"collection":[{"href":"http:\/\/www.edition-schwarzdruck.de\/index.php?rest_route=\/wp\/v2\/posts"}],"about":[{"href":"http:\/\/www.edition-schwarzdruck.de\/index.php?rest_route=\/wp\/v2\/types\/post"}],"author":[{"embeddable":true,"href":"http:\/\/www.edition-schwarzdruck.de\/index.php?rest_route=\/wp\/v2\/users\/2"}],"replies":[{"embeddable":true,"href":"http:\/\/www.edition-schwarzdruck.de\/index.php?rest_route=%2Fwp%2Fv2%2Fcomments&post=4943"}],"version-history":[{"count":1,"href":"http:\/\/www.edition-schwarzdruck.de\/index.php?rest_route=\/wp\/v2\/posts\/4943\/revisions"}],"predecessor-version":[{"id":4944,"href":"http:\/\/www.edition-schwarzdruck.de\/index.php?rest_route=\/wp\/v2\/posts\/4943\/revisions\/4944"}],"wp:attachment":[{"href":"http:\/\/www.edition-schwarzdruck.de\/index.php?rest_route=%2Fwp%2Fv2%2Fmedia&parent=4943"}],"wp:term":[{"taxonomy":"category","embeddable":true,"href":"http:\/\/www.edition-schwarzdruck.de\/index.php?rest_route=%2Fwp%2Fv2%2Fcategories&post=4943"},{"taxonomy":"post_tag","embeddable":true,"href":"http:\/\/www.edition-schwarzdruck.de\/index.php?rest_route=%2Fwp%2Fv2%2Ftags&post=4943"}],"curies":[{"name":"wp","href":"https:\/\/api.w.org\/{rel}","templated":true}]}}