{"id":4901,"date":"2019-11-15T15:03:34","date_gmt":"2019-11-15T13:03:34","guid":{"rendered":"http:\/\/www.edition-schwarzdruck.de\/?p=4901"},"modified":"2019-11-19T20:07:27","modified_gmt":"2019-11-19T18:07:27","slug":"der-neue-widerdruckkalender-2","status":"publish","type":"post","link":"http:\/\/www.edition-schwarzdruck.de\/?p=4901","title":{"rendered":"Der neue Widerdruckkalender"},"content":{"rendered":"<div id=\"metaslider-id-4911\" style=\"width: 100%; margin: 0 auto;\" class=\"ml-slider-3-28-3 metaslider metaslider-flex metaslider-4911 ml-slider\">\n    <div id=\"metaslider_container_4911\">\n        <div id=\"metaslider_4911\">\n            <ul aria-live=\"polite\" class=\"slides\">\n                <li style=\"display: none; width: 100%;\" class=\"slide-4922 ms-image\"><img src=\"http:\/\/www.edition-schwarzdruck.de\/wp-content\/uploads\/2014\/04\/web-widerdruck-2019-titel-SAM_1910-110x312.jpg\" height=\"312\" width=\"110\" alt=\"\" class=\"slider-4911 slide-4922\" title=\"web-widerdruck-2019-titel-SAM_1910\" \/><\/li>\n                <li style=\"display: none; width: 100%;\" class=\"slide-4923 ms-image\"><img src=\"http:\/\/www.edition-schwarzdruck.de\/wp-content\/uploads\/2014\/04\/web-widerdruck-2019-vorspann-SAM_1911-110x312.jpg\" height=\"312\" width=\"110\" alt=\"\" class=\"slider-4911 slide-4923\" title=\"web-widerdruck-2019-vorspann-SAM_1911\" \/><\/li>\n                <li style=\"display: none; width: 100%;\" class=\"slide-4924 ms-image\"><img src=\"http:\/\/www.edition-schwarzdruck.de\/wp-content\/uploads\/2019\/11\/web-widerdruck-2019-1-SAM_1912-110x312.jpg\" height=\"312\" width=\"110\" alt=\"\" class=\"slider-4911 slide-4924\" title=\"web-widerdruck-2019-1-SAM_1912\" \/><\/li>\n                <li style=\"display: none; width: 100%;\" class=\"slide-4925 ms-image\"><img src=\"http:\/\/www.edition-schwarzdruck.de\/wp-content\/uploads\/2019\/11\/web-widerdruck-2019-2-SAM_1913-110x312.jpg\" height=\"312\" width=\"110\" alt=\"\" class=\"slider-4911 slide-4925\" title=\"web-widerdruck-2019-2-SAM_1913\" \/><\/li>\n                <li style=\"display: none; width: 100%;\" class=\"slide-4926 ms-image\"><img src=\"http:\/\/www.edition-schwarzdruck.de\/wp-content\/uploads\/2019\/11\/web-widerdruck-2019-3-SAM_1914-110x312.jpg\" height=\"312\" width=\"110\" alt=\"\" class=\"slider-4911 slide-4926\" title=\"web-widerdruck-2019-3-SAM_1914\" \/><\/li>\n                <li style=\"display: none; width: 100%;\" class=\"slide-4927 ms-image\"><img src=\"http:\/\/www.edition-schwarzdruck.de\/wp-content\/uploads\/2014\/04\/web-widerdruck-2019-4-SAM_1916-110x312.jpg\" height=\"312\" width=\"110\" alt=\"\" class=\"slider-4911 slide-4927\" title=\"web-widerdruck-2019-4-SAM_1916\" \/><\/li>\n                <li style=\"display: none; width: 100%;\" class=\"slide-4928 ms-image\"><img src=\"http:\/\/www.edition-schwarzdruck.de\/wp-content\/uploads\/2014\/04\/web-widerdruck-2019-5-SAM_1921-110x312.jpg\" height=\"312\" width=\"110\" alt=\"\" class=\"slider-4911 slide-4928\" title=\"web-widerdruck-2019-5-SAM_1921\" \/><\/li>\n                <li style=\"display: none; width: 100%;\" class=\"slide-4929 ms-image\"><img src=\"http:\/\/www.edition-schwarzdruck.de\/wp-content\/uploads\/2014\/04\/web-widerdruck-2019-6-SAM_1922-110x312.jpg\" height=\"312\" width=\"110\" alt=\"\" class=\"slider-4911 slide-4929\" title=\"web-widerdruck-2019-6-SAM_1922\" \/><\/li>\n                <li style=\"display: none; width: 100%;\" class=\"slide-4930 ms-image\"><img src=\"http:\/\/www.edition-schwarzdruck.de\/wp-content\/uploads\/2014\/04\/web-widerdruck-2019-7-SAM_1923-110x312.jpg\" height=\"312\" width=\"110\" alt=\"\" class=\"slider-4911 slide-4930\" title=\"web-widerdruck-2019-7-SAM_1923\" \/><\/li>\n                <li style=\"display: none; width: 100%;\" class=\"slide-4931 ms-image\"><img src=\"http:\/\/www.edition-schwarzdruck.de\/wp-content\/uploads\/2014\/04\/web-widerdruck-2019-8-SAM_1924-110x312.jpg\" height=\"312\" width=\"110\" alt=\"\" class=\"slider-4911 slide-4931\" title=\"web-widerdruck-2019-8-SAM_1924\" \/><\/li>\n                <li style=\"display: none; width: 100%;\" class=\"slide-4932 ms-image\"><img src=\"http:\/\/www.edition-schwarzdruck.de\/wp-content\/uploads\/2014\/04\/web-widerdruck-2019-9-SAM_1925-110x312.jpg\" height=\"312\" width=\"110\" alt=\"\" class=\"slider-4911 slide-4932\" title=\"web-widerdruck-2019-9-SAM_1925\" \/><\/li>\n                <li style=\"display: none; width: 100%;\" class=\"slide-4933 ms-image\"><img src=\"http:\/\/www.edition-schwarzdruck.de\/wp-content\/uploads\/2014\/04\/web-widerdruck-2019-10-SAM_1926-110x312.jpg\" height=\"312\" width=\"110\" alt=\"\" class=\"slider-4911 slide-4933\" title=\"web-widerdruck-2019-10-SAM_1926\" \/><\/li>\n                <li style=\"display: none; width: 100%;\" class=\"slide-4934 ms-image\"><img src=\"http:\/\/www.edition-schwarzdruck.de\/wp-content\/uploads\/2014\/04\/web-widerdruck-2019-11-SAM_1927-110x312.jpg\" height=\"312\" width=\"110\" alt=\"\" class=\"slider-4911 slide-4934\" title=\"web-widerdruck-2019-11-SAM_1927\" \/><\/li>\n                <li style=\"display: none; width: 100%;\" class=\"slide-4935 ms-image\"><img src=\"http:\/\/www.edition-schwarzdruck.de\/wp-content\/uploads\/2014\/04\/web-widerdruck-2019-12-SAM_1928-110x312.jpg\" height=\"312\" width=\"110\" alt=\"\" class=\"slider-4911 slide-4935\" title=\"web-widerdruck-2019-12-SAM_1928\" \/><\/li>\n            <\/ul>\n        <\/div>\n        \n    <\/div>\n<\/div>\n<p>f\u00fcr das Jahr 2020 &#8211; der mittlerweile vierundzwanzigste! &#8211; ist nun auch endlich fertig und lieferbar.<\/p>\n<p style=\"text-align: left;\">Auch wenn es die au\u00dfergew\u00f6hnlich schlechten Repros nur erahnen lassen: Der Kalender ist wieder sehr sch\u00f6n geworden. Thema ist diesmal das Zitat von Victor Otto Stopps: &#8222;Nur gute B\u00fccher haben gute Druckfehler&#8220;. Gesagt haben soll er das, als man ihn darauf aufmerksam machte, dass unter der Abbildung eines liegenden Aktes die Bildunterschrift einen liegenden Abt titulierte.<\/p>\n<p style=\"text-align: left;\">Das wundersch\u00f6ne Thema im 50. Todesjahr des Meisters haben original(typo)grafisch bearbeitet: Annegret Frauenlob (Januar), Undine Schneider (Februar), Marc Berger (M\u00e4rz, Titelblatt und Vorspannblatt), Julienne Jattiot (April), Werner Hiebel (Mai), Oskar Bernhard (Juni), Birgit Reichert (Juli), Roland R. Berger (August), Machtelt van Thiel und Anna Houwen (September), Daniel Kunz (Oktober), J\u00fcrgen Meyer Jurkowski (November) und Thomas Siemon (Dezember).<\/p>\n<p style=\"text-align: left;\">Es wurden wie immer 100 Exemplare im Format von 58 x 21 cm gefertigt, von denen allerdings die meisten nicht in den Handel kommen. Solange der Vorrat reicht, k\u00f6nnen Verkaufsexemplare zu Preis von 80 Euro <a href=\"http:\/\/www.schwarzdruck-laden.de\/epages\/62465460.sf\/de_DE\/?ObjectPath=\/Shops\/62465460\/Products\/Widerdruck2020\">hier<\/a> in unserem Shop geordert werden. Besucher der ArtBook Berlin im November k\u00f6nnen auch am Stand von Annegret Frauenlob und Julienne Jattiot einkaufen &#8230;<\/p>\n<p style=\"text-align: left;\">Die Repros versuchen wir demn\u00e4chst etwas besser hinzubekommen &#8230; versprochen! Da ist dann hoffentlich auch das Kalendarium genauso waagerecht wie im wirklichen Leben.<\/p>\n","protected":false},"excerpt":{"rendered":"<p>f\u00fcr das Jahr 2020 &#8211; der mittlerweile vierundzwanzigste! &#8211; ist nun auch endlich fertig und lieferbar. Auch wenn es die au\u00dfergew\u00f6hnlich schlechten Repros nur erahnen lassen: Der Kalender ist wieder sehr sch\u00f6n geworden. Thema ist diesmal das Zitat von Victor Otto Stopps: &#8222;Nur gute B\u00fccher haben gute Druckfehler&#8220;. Gesagt haben soll er das, als man [&hellip;]<\/p>\n","protected":false},"author":2,"featured_media":0,"comment_status":"open","ping_status":"open","sticky":false,"template":"","format":"standard","meta":[],"categories":[84],"tags":[183],"_links":{"self":[{"href":"http:\/\/www.edition-schwarzdruck.de\/index.php?rest_route=\/wp\/v2\/posts\/4901"}],"collection":[{"href":"http:\/\/www.edition-schwarzdruck.de\/index.php?rest_route=\/wp\/v2\/posts"}],"about":[{"href":"http:\/\/www.edition-schwarzdruck.de\/index.php?rest_route=\/wp\/v2\/types\/post"}],"author":[{"embeddable":true,"href":"http:\/\/www.edition-schwarzdruck.de\/index.php?rest_route=\/wp\/v2\/users\/2"}],"replies":[{"embeddable":true,"href":"http:\/\/www.edition-schwarzdruck.de\/index.php?rest_route=%2Fwp%2Fv2%2Fcomments&post=4901"}],"version-history":[{"count":10,"href":"http:\/\/www.edition-schwarzdruck.de\/index.php?rest_route=\/wp\/v2\/posts\/4901\/revisions"}],"predecessor-version":[{"id":4942,"href":"http:\/\/www.edition-schwarzdruck.de\/index.php?rest_route=\/wp\/v2\/posts\/4901\/revisions\/4942"}],"wp:attachment":[{"href":"http:\/\/www.edition-schwarzdruck.de\/index.php?rest_route=%2Fwp%2Fv2%2Fmedia&parent=4901"}],"wp:term":[{"taxonomy":"category","embeddable":true,"href":"http:\/\/www.edition-schwarzdruck.de\/index.php?rest_route=%2Fwp%2Fv2%2Fcategories&post=4901"},{"taxonomy":"post_tag","embeddable":true,"href":"http:\/\/www.edition-schwarzdruck.de\/index.php?rest_route=%2Fwp%2Fv2%2Ftags&post=4901"}],"curies":[{"name":"wp","href":"https:\/\/api.w.org\/{rel}","templated":true}]}}