{"id":4843,"date":"2019-11-12T17:18:40","date_gmt":"2019-11-12T15:18:40","guid":{"rendered":"http:\/\/www.edition-schwarzdruck.de\/?p=4843"},"modified":"2019-11-12T17:18:40","modified_gmt":"2019-11-12T15:18:40","slug":"auch-die-berliner-buchpremiere","status":"publish","type":"post","link":"http:\/\/www.edition-schwarzdruck.de\/?p=4843","title":{"rendered":"Auch die Berliner Buchpremiere"},"content":{"rendered":"<p>vom &#8222;Wendekreis&#8220; am letzten Freitag war sehr gelungen. Unser Autor hat sich mit seiner &#8222;Familienband&#8220; m\u00e4chtig ins Zeug gelegt und sogar &#8211; nach Anfrage ob echte Schwaben im Raum seien &#8211; stellenweise &#8222;geschw\u00e4belt&#8220;, watt den Berlinern nat\u00fcrlich sehr jefallen hat. Ein paar B\u00fccher wurden gekauft, dem Publikum hat es anscheinend gefallen, wir haben ein sehr sch\u00f6nes kleines Kulturhaus (Novilla) kennengelernt und waren in einer Gegend in Sch\u00f6neweide, wo wir noch nie vorher waren &#8230; Erstaunlich, was es f\u00fcr h\u00fcbsche Gegenden in Berlin noch gibt. Danke an die &#8222;Orga&#8220; &#8211; es war sehr sch\u00f6n. Gerne wieder.<\/p>\n","protected":false},"excerpt":{"rendered":"<p>vom &#8222;Wendekreis&#8220; am letzten Freitag war sehr gelungen. Unser Autor hat sich mit seiner &#8222;Familienband&#8220; m\u00e4chtig ins Zeug gelegt und sogar &#8211; nach Anfrage ob echte Schwaben im Raum seien &#8211; stellenweise &#8222;geschw\u00e4belt&#8220;, watt den Berlinern nat\u00fcrlich sehr jefallen hat. Ein paar B\u00fccher wurden gekauft, dem Publikum hat es anscheinend gefallen, wir haben ein sehr [&hellip;]<\/p>\n","protected":false},"author":2,"featured_media":0,"comment_status":"open","ping_status":"open","sticky":false,"template":"","format":"image","meta":[],"categories":[49],"tags":[211,221,225,223],"_links":{"self":[{"href":"http:\/\/www.edition-schwarzdruck.de\/index.php?rest_route=\/wp\/v2\/posts\/4843"}],"collection":[{"href":"http:\/\/www.edition-schwarzdruck.de\/index.php?rest_route=\/wp\/v2\/posts"}],"about":[{"href":"http:\/\/www.edition-schwarzdruck.de\/index.php?rest_route=\/wp\/v2\/types\/post"}],"author":[{"embeddable":true,"href":"http:\/\/www.edition-schwarzdruck.de\/index.php?rest_route=\/wp\/v2\/users\/2"}],"replies":[{"embeddable":true,"href":"http:\/\/www.edition-schwarzdruck.de\/index.php?rest_route=%2Fwp%2Fv2%2Fcomments&post=4843"}],"version-history":[{"count":1,"href":"http:\/\/www.edition-schwarzdruck.de\/index.php?rest_route=\/wp\/v2\/posts\/4843\/revisions"}],"predecessor-version":[{"id":4844,"href":"http:\/\/www.edition-schwarzdruck.de\/index.php?rest_route=\/wp\/v2\/posts\/4843\/revisions\/4844"}],"wp:attachment":[{"href":"http:\/\/www.edition-schwarzdruck.de\/index.php?rest_route=%2Fwp%2Fv2%2Fmedia&parent=4843"}],"wp:term":[{"taxonomy":"category","embeddable":true,"href":"http:\/\/www.edition-schwarzdruck.de\/index.php?rest_route=%2Fwp%2Fv2%2Fcategories&post=4843"},{"taxonomy":"post_tag","embeddable":true,"href":"http:\/\/www.edition-schwarzdruck.de\/index.php?rest_route=%2Fwp%2Fv2%2Ftags&post=4843"}],"curies":[{"name":"wp","href":"https:\/\/api.w.org\/{rel}","templated":true}]}}