{"id":4788,"date":"2019-11-06T19:36:38","date_gmt":"2019-11-06T17:36:38","guid":{"rendered":"http:\/\/www.edition-schwarzdruck.de\/?p=4788"},"modified":"2019-11-06T19:49:18","modified_gmt":"2019-11-06T17:49:18","slug":"die-24-linke-literaturmesse","status":"publish","type":"post","link":"http:\/\/www.edition-schwarzdruck.de\/?p=4788","title":{"rendered":"Die 24. Linke Literaturmesse"},"content":{"rendered":"<p>in N\u00fcrnberg haben wir zum ersten Mal als Aussteller &#8222;besucht&#8220;. Und waren beeindruckt: gro\u00dfartig organisiert, freundliche Kollegen, nette Besucher &#8230; Es war sehr anregend, anstrengend, lehrreich, motivierend und wir haben sehr interessante Leute kennengelernt. Der einzige Wermutstropfen: die Verk\u00e4ufe waren nicht so toll. Aber daf\u00fcr k\u00f6nnen nat\u00fcrlich die Organisatoren und Kollegen nichts &#8211; das muss wohl an unseren B\u00fcchern liegen. Vermutlich sind die meisten unserer Autoren und Themen f\u00fcr s\u00fcddeutsches Publikum doch etwas zu &#8222;ostig&#8220; und somit nicht interessant genug. Nichtsdestotrotz werden wir sicher wiederkommen &#8211; wenn nicht im n\u00e4chsten Jahr, dann eben im \u00fcbern\u00e4chsten. Schlie\u00dflich haben wir mehr B\u00fccher ver- als gekauft &#8211; was beweist, dass es dort massenhaft tolle B\u00fccher zu vern\u00fcnftigen Preisen gab. Eine Empfehlung an alle, auch wenn Schwarzdruck mal nicht dabei sein sollte. Auch die sehr vielseitigen (60!) Veranstaltungen &#8222;nebenbei&#8220; bis hin zur &#8222;revolution\u00e4ren Mal- und Bastelecke&#8220; hatten Klasse. Gro\u00dfes Kompliment und Dankesch\u00f6n an alle, die daran beteiligt waren! Und vielen herzlichen Dank an Johannes, der uns wieder extrem freundlich beherbergt hat &#8230; wir machen mit verst\u00e4rkten revolution\u00e4ren Elan weiter.<\/p>\n<p><a href=\"http:\/\/www.edition-schwarzdruck.de\/wp-content\/uploads\/2014\/04\/web-SAM_1910.jpg\"><img decoding=\"async\" loading=\"lazy\" class=\"alignnone size-medium wp-image-4794\" src=\"http:\/\/www.edition-schwarzdruck.de\/wp-content\/uploads\/2014\/04\/web-SAM_1910-300x300.jpg\" alt=\"\" width=\"300\" height=\"300\" srcset=\"http:\/\/www.edition-schwarzdruck.de\/wp-content\/uploads\/2014\/04\/web-SAM_1910-300x300.jpg 300w, http:\/\/www.edition-schwarzdruck.de\/wp-content\/uploads\/2014\/04\/web-SAM_1910-150x150.jpg 150w, http:\/\/www.edition-schwarzdruck.de\/wp-content\/uploads\/2014\/04\/web-SAM_1910-768x768.jpg 768w, http:\/\/www.edition-schwarzdruck.de\/wp-content\/uploads\/2014\/04\/web-SAM_1910.jpg 800w\" sizes=\"(max-width: 300px) 100vw, 300px\" \/><\/a> <a href=\"http:\/\/www.edition-schwarzdruck.de\/wp-content\/uploads\/2014\/04\/web-SAM_1914.jpg\"><img decoding=\"async\" loading=\"lazy\" class=\"alignnone size-medium wp-image-4792\" src=\"http:\/\/www.edition-schwarzdruck.de\/wp-content\/uploads\/2014\/04\/web-SAM_1914-300x300.jpg\" alt=\"\" width=\"300\" height=\"300\" srcset=\"http:\/\/www.edition-schwarzdruck.de\/wp-content\/uploads\/2014\/04\/web-SAM_1914-300x300.jpg 300w, http:\/\/www.edition-schwarzdruck.de\/wp-content\/uploads\/2014\/04\/web-SAM_1914-150x150.jpg 150w, http:\/\/www.edition-schwarzdruck.de\/wp-content\/uploads\/2014\/04\/web-SAM_1914-768x768.jpg 768w, http:\/\/www.edition-schwarzdruck.de\/wp-content\/uploads\/2014\/04\/web-SAM_1914.jpg 800w\" sizes=\"(max-width: 300px) 100vw, 300px\" \/><\/a> <a href=\"http:\/\/www.edition-schwarzdruck.de\/wp-content\/uploads\/2014\/04\/web-SAM_1917.jpg\"><img decoding=\"async\" loading=\"lazy\" class=\"alignnone size-medium wp-image-4791\" src=\"http:\/\/www.edition-schwarzdruck.de\/wp-content\/uploads\/2014\/04\/web-SAM_1917-300x300.jpg\" alt=\"\" width=\"300\" height=\"300\" srcset=\"http:\/\/www.edition-schwarzdruck.de\/wp-content\/uploads\/2014\/04\/web-SAM_1917-300x300.jpg 300w, http:\/\/www.edition-schwarzdruck.de\/wp-content\/uploads\/2014\/04\/web-SAM_1917-150x150.jpg 150w, http:\/\/www.edition-schwarzdruck.de\/wp-content\/uploads\/2014\/04\/web-SAM_1917-768x768.jpg 768w, http:\/\/www.edition-schwarzdruck.de\/wp-content\/uploads\/2014\/04\/web-SAM_1917.jpg 800w\" sizes=\"(max-width: 300px) 100vw, 300px\" \/><\/a><\/p>\n","protected":false},"excerpt":{"rendered":"<p>in N\u00fcrnberg haben wir zum ersten Mal als Aussteller &#8222;besucht&#8220;. Und waren beeindruckt: gro\u00dfartig organisiert, freundliche Kollegen, nette Besucher &#8230; Es war sehr anregend, anstrengend, lehrreich, motivierend und wir haben sehr interessante Leute kennengelernt. Der einzige Wermutstropfen: die Verk\u00e4ufe waren nicht so toll. Aber daf\u00fcr k\u00f6nnen nat\u00fcrlich die Organisatoren und Kollegen nichts &#8211; das muss [&hellip;]<\/p>\n","protected":false},"author":2,"featured_media":0,"comment_status":"open","ping_status":"open","sticky":false,"template":"","format":"image","meta":[],"categories":[49],"tags":[204,219,220],"_links":{"self":[{"href":"http:\/\/www.edition-schwarzdruck.de\/index.php?rest_route=\/wp\/v2\/posts\/4788"}],"collection":[{"href":"http:\/\/www.edition-schwarzdruck.de\/index.php?rest_route=\/wp\/v2\/posts"}],"about":[{"href":"http:\/\/www.edition-schwarzdruck.de\/index.php?rest_route=\/wp\/v2\/types\/post"}],"author":[{"embeddable":true,"href":"http:\/\/www.edition-schwarzdruck.de\/index.php?rest_route=\/wp\/v2\/users\/2"}],"replies":[{"embeddable":true,"href":"http:\/\/www.edition-schwarzdruck.de\/index.php?rest_route=%2Fwp%2Fv2%2Fcomments&post=4788"}],"version-history":[{"count":6,"href":"http:\/\/www.edition-schwarzdruck.de\/index.php?rest_route=\/wp\/v2\/posts\/4788\/revisions"}],"predecessor-version":[{"id":4799,"href":"http:\/\/www.edition-schwarzdruck.de\/index.php?rest_route=\/wp\/v2\/posts\/4788\/revisions\/4799"}],"wp:attachment":[{"href":"http:\/\/www.edition-schwarzdruck.de\/index.php?rest_route=%2Fwp%2Fv2%2Fmedia&parent=4788"}],"wp:term":[{"taxonomy":"category","embeddable":true,"href":"http:\/\/www.edition-schwarzdruck.de\/index.php?rest_route=%2Fwp%2Fv2%2Fcategories&post=4788"},{"taxonomy":"post_tag","embeddable":true,"href":"http:\/\/www.edition-schwarzdruck.de\/index.php?rest_route=%2Fwp%2Fv2%2Ftags&post=4788"}],"curies":[{"name":"wp","href":"https:\/\/api.w.org\/{rel}","templated":true}]}}