{"id":4783,"date":"2019-10-29T00:52:51","date_gmt":"2019-10-28T22:52:51","guid":{"rendered":"http:\/\/www.edition-schwarzdruck.de\/?p=4783"},"modified":"2019-10-29T00:52:51","modified_gmt":"2019-10-28T22:52:51","slug":"zur-24-linken-literaturmesse","status":"publish","type":"post","link":"http:\/\/www.edition-schwarzdruck.de\/?p=4783","title":{"rendered":"Zur 24. Linken Literaturmesse"},"content":{"rendered":"<p>wird die Edition Schwarzdruck erstmalig als Aussteller anreisen. Die Messe findet in N\u00fcrnberg, in der &#8222;Kulturwerkstatt Auf AEG&#8220;, statt. Am Freitag, dem 1. November, geht es um 19 Uhr los und offenbar sind die Besucher Nachtschw\u00e4rmer: es geht bis 22 ihr. Sonnabend haben wir einen Marathon vor uns: von 10 bis 22 Uhr Messe. Und am Sonntag als kleiner Abspann f\u00fcr alle Sp\u00e4tentschlossene ist von 10 bis 15 Uhr ge\u00f6ffnet. Wir zeigen (und verkaufen hoffentlich) die eher politischen Titel aus dem Sachbuch-, Lyrik- und Prosaprogramm. Also von Goethe bis Mensching, von Arthur West bis Omar Saavedra, von Diezel bis Schiller &#8211; es kommt doch einiges zusammen.<\/p>\n","protected":false},"excerpt":{"rendered":"<p>wird die Edition Schwarzdruck erstmalig als Aussteller anreisen. Die Messe findet in N\u00fcrnberg, in der &#8222;Kulturwerkstatt Auf AEG&#8220;, statt. Am Freitag, dem 1. November, geht es um 19 Uhr los und offenbar sind die Besucher Nachtschw\u00e4rmer: es geht bis 22 ihr. Sonnabend haben wir einen Marathon vor uns: von 10 bis 22 Uhr Messe. Und [&hellip;]<\/p>\n","protected":false},"author":2,"featured_media":0,"comment_status":"open","ping_status":"open","sticky":false,"template":"","format":"standard","meta":[],"categories":[49],"tags":[204,219,220],"_links":{"self":[{"href":"http:\/\/www.edition-schwarzdruck.de\/index.php?rest_route=\/wp\/v2\/posts\/4783"}],"collection":[{"href":"http:\/\/www.edition-schwarzdruck.de\/index.php?rest_route=\/wp\/v2\/posts"}],"about":[{"href":"http:\/\/www.edition-schwarzdruck.de\/index.php?rest_route=\/wp\/v2\/types\/post"}],"author":[{"embeddable":true,"href":"http:\/\/www.edition-schwarzdruck.de\/index.php?rest_route=\/wp\/v2\/users\/2"}],"replies":[{"embeddable":true,"href":"http:\/\/www.edition-schwarzdruck.de\/index.php?rest_route=%2Fwp%2Fv2%2Fcomments&post=4783"}],"version-history":[{"count":1,"href":"http:\/\/www.edition-schwarzdruck.de\/index.php?rest_route=\/wp\/v2\/posts\/4783\/revisions"}],"predecessor-version":[{"id":4784,"href":"http:\/\/www.edition-schwarzdruck.de\/index.php?rest_route=\/wp\/v2\/posts\/4783\/revisions\/4784"}],"wp:attachment":[{"href":"http:\/\/www.edition-schwarzdruck.de\/index.php?rest_route=%2Fwp%2Fv2%2Fmedia&parent=4783"}],"wp:term":[{"taxonomy":"category","embeddable":true,"href":"http:\/\/www.edition-schwarzdruck.de\/index.php?rest_route=%2Fwp%2Fv2%2Fcategories&post=4783"},{"taxonomy":"post_tag","embeddable":true,"href":"http:\/\/www.edition-schwarzdruck.de\/index.php?rest_route=%2Fwp%2Fv2%2Ftags&post=4783"}],"curies":[{"name":"wp","href":"https:\/\/api.w.org\/{rel}","templated":true}]}}