{"id":4770,"date":"2019-10-10T20:54:52","date_gmt":"2019-10-10T18:54:52","guid":{"rendered":"http:\/\/www.edition-schwarzdruck.de\/?p=4770"},"modified":"2019-10-10T20:55:39","modified_gmt":"2019-10-10T18:55:39","slug":"puenktlich-zum-jubilaeum","status":"publish","type":"post","link":"http:\/\/www.edition-schwarzdruck.de\/?p=4770","title":{"rendered":"P\u00fcnktlich zum Jubil\u00e4um"},"content":{"rendered":"<p>ist der Nachdruck fertiggeworden, aber die SocialMediaAbteilung hat es wegen \u00dcberlastung nicht geschafft, das auch zu verk\u00fcnden. Aber Trost: Von jetzt an werden wir mit historischen Ereignissen \u00fcberh\u00e4uft, die drei\u00dfig werden: Wolfgang Thierse stammelt eine bedeutende Rede, Leipziger Helden sind nicht mehr das, sondern ein Volk und vieles mehr. Aus Anlas des 20. Jahrestags all dieser Ereignisse hat Steffen Mensching eine Rede geredet, deren Inhalt 10 Jahre sp\u00e4ter genauso aktuell ist wie damals &#8230;<br \/>\nUnd Schwarzdruck hast gedruckt. Bzw.: nochmal gedruckt. Zu haben jetzt wieder im Shop. Buchh\u00e4ndler beachten bitte bei Bestellungen die Mindestabnahmemenge von 5 Exemplaren.<\/p>\n","protected":false},"excerpt":{"rendered":"<p>ist der Nachdruck fertiggeworden, aber die SocialMediaAbteilung hat es wegen \u00dcberlastung nicht geschafft, das auch zu verk\u00fcnden. Aber Trost: Von jetzt an werden wir mit historischen Ereignissen \u00fcberh\u00e4uft, die drei\u00dfig werden: Wolfgang Thierse stammelt eine bedeutende Rede, Leipziger Helden sind nicht mehr das, sondern ein Volk und vieles mehr. Aus Anlas des 20. Jahrestags all [&hellip;]<\/p>\n","protected":false},"author":2,"featured_media":0,"comment_status":"open","ping_status":"open","sticky":false,"template":"","format":"image","meta":[],"categories":[84],"tags":[215,216,214,213],"_links":{"self":[{"href":"http:\/\/www.edition-schwarzdruck.de\/index.php?rest_route=\/wp\/v2\/posts\/4770"}],"collection":[{"href":"http:\/\/www.edition-schwarzdruck.de\/index.php?rest_route=\/wp\/v2\/posts"}],"about":[{"href":"http:\/\/www.edition-schwarzdruck.de\/index.php?rest_route=\/wp\/v2\/types\/post"}],"author":[{"embeddable":true,"href":"http:\/\/www.edition-schwarzdruck.de\/index.php?rest_route=\/wp\/v2\/users\/2"}],"replies":[{"embeddable":true,"href":"http:\/\/www.edition-schwarzdruck.de\/index.php?rest_route=%2Fwp%2Fv2%2Fcomments&post=4770"}],"version-history":[{"count":2,"href":"http:\/\/www.edition-schwarzdruck.de\/index.php?rest_route=\/wp\/v2\/posts\/4770\/revisions"}],"predecessor-version":[{"id":4772,"href":"http:\/\/www.edition-schwarzdruck.de\/index.php?rest_route=\/wp\/v2\/posts\/4770\/revisions\/4772"}],"wp:attachment":[{"href":"http:\/\/www.edition-schwarzdruck.de\/index.php?rest_route=%2Fwp%2Fv2%2Fmedia&parent=4770"}],"wp:term":[{"taxonomy":"category","embeddable":true,"href":"http:\/\/www.edition-schwarzdruck.de\/index.php?rest_route=%2Fwp%2Fv2%2Fcategories&post=4770"},{"taxonomy":"post_tag","embeddable":true,"href":"http:\/\/www.edition-schwarzdruck.de\/index.php?rest_route=%2Fwp%2Fv2%2Ftags&post=4770"}],"curies":[{"name":"wp","href":"https:\/\/api.w.org\/{rel}","templated":true}]}}