{"id":4750,"date":"2019-09-24T22:27:40","date_gmt":"2019-09-24T20:27:40","guid":{"rendered":"http:\/\/www.edition-schwarzdruck.de\/?p=4750"},"modified":"2019-09-24T22:27:40","modified_gmt":"2019-09-24T20:27:40","slug":"buchpremiere","status":"publish","type":"post","link":"http:\/\/www.edition-schwarzdruck.de\/?p=4750","title":{"rendered":"Buchpremiere!!!"},"content":{"rendered":"<p>Es wird wirklich p\u00fcnktlich fertig &#8211; das dickste belletristische Werk in der Edition Schwarzdruck bisher. Stefan K\u00f6rbel hat einen wunderbaren Roman geschrieben und eine gelungene Buchpremiere redlich verdient. Eine Lesung mit Musik, denn der Autor ist ja von Haus aus ein gar nicht so unbekannter Musiker. Dass er auch ein hervorragender Autor ist, werden Sie auf der Lesung erleben.<\/p>\n<p>Am 5. Oktober um 17 Uhr findet dieses hoffentlich denkw\u00fcrdige Ereignis in der Eremitage Gransee statt. Vorher &#8211; um 15 Uhr &#8211; gibt es im Rahmen der &#8222;Tage des offenen brandenburgischen Buches&#8220; eine etwa einst\u00fcndige Werkstattf\u00fchrung durch die Druckwerkstatt. Fr\u00fches Erscheinen lohnt sich also und sichert au\u00dferdem die besten Pl\u00e4tze. Das gastronomische Konzept beschr\u00e4nkt sich dieses Mal auf hei\u00dfe und kalte Getr\u00e4nke. Der geneigte Besucher will ja schlie\u00dflich auch B\u00fccher kaufen und da sind Kuchenkr\u00fcmel eher hinderlich. Ernsthafte Kaufabsichten werden unterst\u00fctzt durch einen auf 25 Euro herabgesetzten Preis nur in dieser Veranstaltung. Und die &#8211; zumindest in Gransee auf absehbare Zeit &#8211; einmalige Gelegenheit sich vom Autor das oder gar die Exemplare signieren zu lassen.<\/p>\n<p>Eintritt wird nicht erhoben, aber \u00fcber eine Spende f\u00fcr Kultur und Trank sind wir noch nie b\u00f6se gewesen.<\/p>\n<p>N\u00e4heres zum Buch in baldigster B\u00e4lde auf diesem Kanal &#8230;<\/p>\n","protected":false},"excerpt":{"rendered":"<p>Es wird wirklich p\u00fcnktlich fertig &#8211; das dickste belletristische Werk in der Edition Schwarzdruck bisher. Stefan K\u00f6rbel hat einen wunderbaren Roman geschrieben und eine gelungene Buchpremiere redlich verdient. Eine Lesung mit Musik, denn der Autor ist ja von Haus aus ein gar nicht so unbekannter Musiker. Dass er auch ein hervorragender Autor ist, werden Sie [&hellip;]<\/p>\n","protected":false},"author":2,"featured_media":0,"comment_status":"open","ping_status":"open","sticky":false,"template":"","format":"image","meta":[],"categories":[84],"tags":[211,212],"_links":{"self":[{"href":"http:\/\/www.edition-schwarzdruck.de\/index.php?rest_route=\/wp\/v2\/posts\/4750"}],"collection":[{"href":"http:\/\/www.edition-schwarzdruck.de\/index.php?rest_route=\/wp\/v2\/posts"}],"about":[{"href":"http:\/\/www.edition-schwarzdruck.de\/index.php?rest_route=\/wp\/v2\/types\/post"}],"author":[{"embeddable":true,"href":"http:\/\/www.edition-schwarzdruck.de\/index.php?rest_route=\/wp\/v2\/users\/2"}],"replies":[{"embeddable":true,"href":"http:\/\/www.edition-schwarzdruck.de\/index.php?rest_route=%2Fwp%2Fv2%2Fcomments&post=4750"}],"version-history":[{"count":1,"href":"http:\/\/www.edition-schwarzdruck.de\/index.php?rest_route=\/wp\/v2\/posts\/4750\/revisions"}],"predecessor-version":[{"id":4751,"href":"http:\/\/www.edition-schwarzdruck.de\/index.php?rest_route=\/wp\/v2\/posts\/4750\/revisions\/4751"}],"wp:attachment":[{"href":"http:\/\/www.edition-schwarzdruck.de\/index.php?rest_route=%2Fwp%2Fv2%2Fmedia&parent=4750"}],"wp:term":[{"taxonomy":"category","embeddable":true,"href":"http:\/\/www.edition-schwarzdruck.de\/index.php?rest_route=%2Fwp%2Fv2%2Fcategories&post=4750"},{"taxonomy":"post_tag","embeddable":true,"href":"http:\/\/www.edition-schwarzdruck.de\/index.php?rest_route=%2Fwp%2Fv2%2Ftags&post=4750"}],"curies":[{"name":"wp","href":"https:\/\/api.w.org\/{rel}","templated":true}]}}