{"id":4738,"date":"2019-09-22T21:57:44","date_gmt":"2019-09-22T19:57:44","guid":{"rendered":"http:\/\/www.edition-schwarzdruck.de\/?p=4738"},"modified":"2019-09-24T21:59:26","modified_gmt":"2019-09-24T19:59:26","slug":"unsere-diesjaehrige-autorenkonferenz","status":"publish","type":"post","link":"http:\/\/www.edition-schwarzdruck.de\/?p=4738","title":{"rendered":"Unsere diesj\u00e4hrige Autorenkonferenz"},"content":{"rendered":"<p>der kulturhistorischen Sachbuchreihe EEE war wie immer: ein sehr nettes und entspanntes Plaudern bei Kaffee, Kuchen, Bratwurst und Kartoffelsalat \u00fcber die geleistete Arbeit des Verlages in den letzten 12 Monaten und die zuk\u00fcnftigen Vorhaben. Wenn all diese Projekte Ver\u00f6ffentlichungen werden sollten, dann wird das Verlagsprogramm um einige Highlights reicher. Gekommen waren Leonore Krenzlin und Dieter Schiller, Peter Diezel, Peter G\u00f6hler und seine Frau, Gisela und Dietmar Winkler, Sigrid Brennemann und nat\u00fcrlich Christel und Roland R. Berger.<\/p>\n","protected":false},"excerpt":{"rendered":"<p>der kulturhistorischen Sachbuchreihe EEE war wie immer: ein sehr nettes und entspanntes Plaudern bei Kaffee, Kuchen, Bratwurst und Kartoffelsalat \u00fcber die geleistete Arbeit des Verlages in den letzten 12 Monaten und die zuk\u00fcnftigen Vorhaben. Wenn all diese Projekte Ver\u00f6ffentlichungen werden sollten, dann wird das Verlagsprogramm um einige Highlights reicher. Gekommen waren Leonore Krenzlin und Dieter [&hellip;]<\/p>\n","protected":false},"author":2,"featured_media":0,"comment_status":"open","ping_status":"open","sticky":false,"template":"","format":"image","meta":[],"categories":[49],"tags":[207],"_links":{"self":[{"href":"http:\/\/www.edition-schwarzdruck.de\/index.php?rest_route=\/wp\/v2\/posts\/4738"}],"collection":[{"href":"http:\/\/www.edition-schwarzdruck.de\/index.php?rest_route=\/wp\/v2\/posts"}],"about":[{"href":"http:\/\/www.edition-schwarzdruck.de\/index.php?rest_route=\/wp\/v2\/types\/post"}],"author":[{"embeddable":true,"href":"http:\/\/www.edition-schwarzdruck.de\/index.php?rest_route=\/wp\/v2\/users\/2"}],"replies":[{"embeddable":true,"href":"http:\/\/www.edition-schwarzdruck.de\/index.php?rest_route=%2Fwp%2Fv2%2Fcomments&post=4738"}],"version-history":[{"count":1,"href":"http:\/\/www.edition-schwarzdruck.de\/index.php?rest_route=\/wp\/v2\/posts\/4738\/revisions"}],"predecessor-version":[{"id":4745,"href":"http:\/\/www.edition-schwarzdruck.de\/index.php?rest_route=\/wp\/v2\/posts\/4738\/revisions\/4745"}],"wp:attachment":[{"href":"http:\/\/www.edition-schwarzdruck.de\/index.php?rest_route=%2Fwp%2Fv2%2Fmedia&parent=4738"}],"wp:term":[{"taxonomy":"category","embeddable":true,"href":"http:\/\/www.edition-schwarzdruck.de\/index.php?rest_route=%2Fwp%2Fv2%2Fcategories&post=4738"},{"taxonomy":"post_tag","embeddable":true,"href":"http:\/\/www.edition-schwarzdruck.de\/index.php?rest_route=%2Fwp%2Fv2%2Ftags&post=4738"}],"curies":[{"name":"wp","href":"https:\/\/api.w.org\/{rel}","templated":true}]}}