{"id":4733,"date":"2019-09-23T22:39:49","date_gmt":"2019-09-23T20:39:49","guid":{"rendered":"http:\/\/www.edition-schwarzdruck.de\/?p=4733"},"modified":"2019-09-24T22:00:38","modified_gmt":"2019-09-24T20:00:38","slug":"der-erste-deutsche-im-all","status":"publish","type":"post","link":"http:\/\/www.edition-schwarzdruck.de\/?p=4733","title":{"rendered":"Der erste Deutsche im All"},"content":{"rendered":"<p>ist gestorben. Wenn man sich fragt, was Deutsche da zu suchen haben: es war in gewisser Weise Pauschaltourismus, also etwas sehr Deutsches, und dabei gibt es bekanntlich keine Antwort auf die Frage nach einem Sinn. Trotzdem war es doch ein kleiner, aber h\u00fcbscher, wenn auch im Nachhinein weitgehend propagandistisch unterdr\u00fcckter Triumph, dass dieser Deutsche aus dem kleineren Deutschland kam. Nach \u00fcbereinstimmenden Quellen ein sehr anst\u00e4ndiger, bescheidener Mann, der auch nach der Wende seine Anst\u00e4ndigkeit und Bescheidenheit behalten hat. Was man nicht von jedem Ossi behaupten kann. Trotzdem: was hat der hier im Schwarzdruckblog verloren? Ganz einfach: der Mann war gelernter Buchdrucker. Was die unglaublichen Entwicklungsm\u00f6glichkeiten von Berufskollegen beweist und eindr\u00fccklich belegt: einem Buchdrucker ist alles zuzutrauen. Gut gemacht, Siggi!<\/p>\n","protected":false},"excerpt":{"rendered":"<p>ist gestorben. Wenn man sich fragt, was Deutsche da zu suchen haben: es war in gewisser Weise Pauschaltourismus, also etwas sehr Deutsches, und dabei gibt es bekanntlich keine Antwort auf die Frage nach einem Sinn. Trotzdem war es doch ein kleiner, aber h\u00fcbscher, wenn auch im Nachhinein weitgehend propagandistisch unterdr\u00fcckter Triumph, dass dieser Deutsche aus [&hellip;]<\/p>\n","protected":false},"author":2,"featured_media":0,"comment_status":"open","ping_status":"open","sticky":false,"template":"","format":"standard","meta":[],"categories":[69],"tags":[],"_links":{"self":[{"href":"http:\/\/www.edition-schwarzdruck.de\/index.php?rest_route=\/wp\/v2\/posts\/4733"}],"collection":[{"href":"http:\/\/www.edition-schwarzdruck.de\/index.php?rest_route=\/wp\/v2\/posts"}],"about":[{"href":"http:\/\/www.edition-schwarzdruck.de\/index.php?rest_route=\/wp\/v2\/types\/post"}],"author":[{"embeddable":true,"href":"http:\/\/www.edition-schwarzdruck.de\/index.php?rest_route=\/wp\/v2\/users\/2"}],"replies":[{"embeddable":true,"href":"http:\/\/www.edition-schwarzdruck.de\/index.php?rest_route=%2Fwp%2Fv2%2Fcomments&post=4733"}],"version-history":[{"count":5,"href":"http:\/\/www.edition-schwarzdruck.de\/index.php?rest_route=\/wp\/v2\/posts\/4733\/revisions"}],"predecessor-version":[{"id":4747,"href":"http:\/\/www.edition-schwarzdruck.de\/index.php?rest_route=\/wp\/v2\/posts\/4733\/revisions\/4747"}],"wp:attachment":[{"href":"http:\/\/www.edition-schwarzdruck.de\/index.php?rest_route=%2Fwp%2Fv2%2Fmedia&parent=4733"}],"wp:term":[{"taxonomy":"category","embeddable":true,"href":"http:\/\/www.edition-schwarzdruck.de\/index.php?rest_route=%2Fwp%2Fv2%2Fcategories&post=4733"},{"taxonomy":"post_tag","embeddable":true,"href":"http:\/\/www.edition-schwarzdruck.de\/index.php?rest_route=%2Fwp%2Fv2%2Ftags&post=4733"}],"curies":[{"name":"wp","href":"https:\/\/api.w.org\/{rel}","templated":true}]}}