{"id":4728,"date":"2019-09-18T23:18:19","date_gmt":"2019-09-18T21:18:19","guid":{"rendered":"http:\/\/www.edition-schwarzdruck.de\/?p=4728"},"modified":"2019-09-25T23:26:10","modified_gmt":"2019-09-25T21:26:10","slug":"herzliche-gratulation","status":"publish","type":"post","link":"http:\/\/www.edition-schwarzdruck.de\/?p=4728","title":{"rendered":"Herzliche Gratulation"},"content":{"rendered":"<p>an unsere Autoren: Steffen Mensching hat den Erich-Fried-Preis bekommen. Was die These st\u00fctzt, dass die \u00d6sterreicher eben mehr Sinn f\u00fcr wirklich ichtige Literatur haben als die Deutschen.<\/p>\n<p>Und: Hans-Eckardt Wenzel hat eine anscheinend fulminante &#8222;Kamenzer Rede&#8220; gehalten. Allerdings erscheint die wohl erst im Oktober in gedruckter Form (leider nicht bei uns). Und ist leider anscheinend nirgendwo in der digitalen Welt komplett nachlesbar, so dass wir wohl den wenigen Zeitungsmeldungen dar\u00fcber trauen m\u00fcssen &#8230;<\/p>\n","protected":false},"excerpt":{"rendered":"<p>an unsere Autoren: Steffen Mensching hat den Erich-Fried-Preis bekommen. Was die These st\u00fctzt, dass die \u00d6sterreicher eben mehr Sinn f\u00fcr wirklich ichtige Literatur haben als die Deutschen. Und: Hans-Eckardt Wenzel hat eine anscheinend fulminante &#8222;Kamenzer Rede&#8220; gehalten. Allerdings erscheint die wohl erst im Oktober in gedruckter Form (leider nicht bei uns). Und ist leider anscheinend [&hellip;]<\/p>\n","protected":false},"author":2,"featured_media":0,"comment_status":"open","ping_status":"open","sticky":false,"template":"","format":"standard","meta":[],"categories":[69],"tags":[],"_links":{"self":[{"href":"http:\/\/www.edition-schwarzdruck.de\/index.php?rest_route=\/wp\/v2\/posts\/4728"}],"collection":[{"href":"http:\/\/www.edition-schwarzdruck.de\/index.php?rest_route=\/wp\/v2\/posts"}],"about":[{"href":"http:\/\/www.edition-schwarzdruck.de\/index.php?rest_route=\/wp\/v2\/types\/post"}],"author":[{"embeddable":true,"href":"http:\/\/www.edition-schwarzdruck.de\/index.php?rest_route=\/wp\/v2\/users\/2"}],"replies":[{"embeddable":true,"href":"http:\/\/www.edition-schwarzdruck.de\/index.php?rest_route=%2Fwp%2Fv2%2Fcomments&post=4728"}],"version-history":[{"count":2,"href":"http:\/\/www.edition-schwarzdruck.de\/index.php?rest_route=\/wp\/v2\/posts\/4728\/revisions"}],"predecessor-version":[{"id":4768,"href":"http:\/\/www.edition-schwarzdruck.de\/index.php?rest_route=\/wp\/v2\/posts\/4728\/revisions\/4768"}],"wp:attachment":[{"href":"http:\/\/www.edition-schwarzdruck.de\/index.php?rest_route=%2Fwp%2Fv2%2Fmedia&parent=4728"}],"wp:term":[{"taxonomy":"category","embeddable":true,"href":"http:\/\/www.edition-schwarzdruck.de\/index.php?rest_route=%2Fwp%2Fv2%2Fcategories&post=4728"},{"taxonomy":"post_tag","embeddable":true,"href":"http:\/\/www.edition-schwarzdruck.de\/index.php?rest_route=%2Fwp%2Fv2%2Ftags&post=4728"}],"curies":[{"name":"wp","href":"https:\/\/api.w.org\/{rel}","templated":true}]}}