{"id":4726,"date":"2019-09-06T11:07:19","date_gmt":"2019-09-06T09:07:19","guid":{"rendered":"http:\/\/www.edition-schwarzdruck.de\/?p=4726"},"modified":"2019-09-06T11:07:19","modified_gmt":"2019-09-06T09:07:19","slug":"morgen-und-uebermorgen","status":"publish","type":"post","link":"http:\/\/www.edition-schwarzdruck.de\/?p=4726","title":{"rendered":"Morgen. Und \u00dcbermorgen."},"content":{"rendered":"<p>Findet unser Kunsthandwerkermarkt in der Mauerstra\u00dfe statt. Wir haben uns wieder gro\u00dfe M\u00fche gegeben, einen m\u00f6glichst interessanten Markt zu organisieren, obwohl einige im Vorjahr bew\u00e4hrte Verk\u00e4ufer abgesagt haben. Die F\u00fchrungen durch die aktuelle Ausstellung &#8222;7xM&#8220; macht der Sammler und Leihgeber selbst &#8211; kompetenter gehts also nicht. Die Werkstattf\u00fchrung macht der Schwarzdrucker selbst &#8230;<\/p>\n<p>Das Drucken f\u00fcr Kinder muss dieses Jahr ausfallen, weil die darauf spezialisierten Kollegen uns trotz fester Zusage h\u00e4ngenlassen und wir kurzfristig keinen Ersatz gefunden haben. &#8222;Ehreng\u00e4ste&#8220; von Schwarzdruck sind diesmal die Buchbinderei Rost aus Bardowick und unser steinesammelnder und -schleifender Kollege Peter Wagler aus dem Erzgebirge. Im Haus gibt es einen Grafik- und Buchverkauf: originale Grafiken von Roland R. Berger und B\u00fccher und Drucke von Schwarzdruck.<\/p>\n<p>Und nun lasst uns f\u00fcr geeignetes Wetter beten &#8230;<\/p>\n","protected":false},"excerpt":{"rendered":"<p>Findet unser Kunsthandwerkermarkt in der Mauerstra\u00dfe statt. Wir haben uns wieder gro\u00dfe M\u00fche gegeben, einen m\u00f6glichst interessanten Markt zu organisieren, obwohl einige im Vorjahr bew\u00e4hrte Verk\u00e4ufer abgesagt haben. Die F\u00fchrungen durch die aktuelle Ausstellung &#8222;7xM&#8220; macht der Sammler und Leihgeber selbst &#8211; kompetenter gehts also nicht. Die Werkstattf\u00fchrung macht der Schwarzdrucker selbst &#8230; Das Drucken [&hellip;]<\/p>\n","protected":false},"author":2,"featured_media":0,"comment_status":"open","ping_status":"open","sticky":false,"template":"","format":"image","meta":[],"categories":[115,49],"tags":[],"_links":{"self":[{"href":"http:\/\/www.edition-schwarzdruck.de\/index.php?rest_route=\/wp\/v2\/posts\/4726"}],"collection":[{"href":"http:\/\/www.edition-schwarzdruck.de\/index.php?rest_route=\/wp\/v2\/posts"}],"about":[{"href":"http:\/\/www.edition-schwarzdruck.de\/index.php?rest_route=\/wp\/v2\/types\/post"}],"author":[{"embeddable":true,"href":"http:\/\/www.edition-schwarzdruck.de\/index.php?rest_route=\/wp\/v2\/users\/2"}],"replies":[{"embeddable":true,"href":"http:\/\/www.edition-schwarzdruck.de\/index.php?rest_route=%2Fwp%2Fv2%2Fcomments&post=4726"}],"version-history":[{"count":1,"href":"http:\/\/www.edition-schwarzdruck.de\/index.php?rest_route=\/wp\/v2\/posts\/4726\/revisions"}],"predecessor-version":[{"id":4727,"href":"http:\/\/www.edition-schwarzdruck.de\/index.php?rest_route=\/wp\/v2\/posts\/4726\/revisions\/4727"}],"wp:attachment":[{"href":"http:\/\/www.edition-schwarzdruck.de\/index.php?rest_route=%2Fwp%2Fv2%2Fmedia&parent=4726"}],"wp:term":[{"taxonomy":"category","embeddable":true,"href":"http:\/\/www.edition-schwarzdruck.de\/index.php?rest_route=%2Fwp%2Fv2%2Fcategories&post=4726"},{"taxonomy":"post_tag","embeddable":true,"href":"http:\/\/www.edition-schwarzdruck.de\/index.php?rest_route=%2Fwp%2Fv2%2Ftags&post=4726"}],"curies":[{"name":"wp","href":"https:\/\/api.w.org\/{rel}","templated":true}]}}