{"id":4721,"date":"2019-08-29T18:41:56","date_gmt":"2019-08-29T16:41:56","guid":{"rendered":"http:\/\/www.edition-schwarzdruck.de\/?p=4721"},"modified":"2019-08-29T18:41:56","modified_gmt":"2019-08-29T16:41:56","slug":"an-diesem-wochenende","status":"publish","type":"post","link":"http:\/\/www.edition-schwarzdruck.de\/?p=4721","title":{"rendered":"An diesem Wochenende"},"content":{"rendered":"<p>ist die Edition Schwarzdruck als Aussteller auf der &#8222;Druck &amp; Buch&#8220; im Rahmen des Poetenfestes in Erlangen. Wir pr\u00e4sentieren vor allem die Pressendruckb\u00fccher, bringen aber auch ein paar andere Lyrik- und Prosab\u00e4nde mit. Das Ganze findet am Sonnabend und Sonntag im &#8222;Schlossfoyer&#8220; statt &#8211; wo auch immer das sein wird &#8230; Auf alle F\u00e4lle freuen wir uns auf das hoffentlich sehr interessiertes Publikum in Bayern und einige ebenfalls dort ausstellende Kollegen, die wir lange nicht gesehen haben.<br \/>\nDie Eremitage bleibt trotzdem ge\u00f6ffnet am Sonntag zwischen 15 und 18 Uhr. Der Sammler und Leihgeber macht &#8222;Vertretungsdienst&#8220; &#8211; sicherlich kompetenter als der eigentliche Galerist &#8230;<\/p>\n<p>Und n\u00e4chste Woche verraten wir dann, warum seit Wochen keine Neuigkeiten in diesem Blog erschienen sind: es war hier soviel los, dass gar keine Zeit blieb dar\u00fcber zu berichten &#8230;<\/p>\n<p>Und am n\u00e4chsten Wochenende (7. und 8. September) findet dann der Kunst- &amp; Handwerkermarkt in und vor unserem Haus statt &#8230; es lohnt sich zu kommen!<\/p>\n","protected":false},"excerpt":{"rendered":"<p>ist die Edition Schwarzdruck als Aussteller auf der &#8222;Druck &amp; Buch&#8220; im Rahmen des Poetenfestes in Erlangen. Wir pr\u00e4sentieren vor allem die Pressendruckb\u00fccher, bringen aber auch ein paar andere Lyrik- und Prosab\u00e4nde mit. Das Ganze findet am Sonnabend und Sonntag im &#8222;Schlossfoyer&#8220; statt &#8211; wo auch immer das sein wird &#8230; Auf alle F\u00e4lle freuen [&hellip;]<\/p>\n","protected":false},"author":2,"featured_media":0,"comment_status":"open","ping_status":"open","sticky":false,"template":"","format":"standard","meta":[],"categories":[115,49],"tags":[205,204,140,206],"_links":{"self":[{"href":"http:\/\/www.edition-schwarzdruck.de\/index.php?rest_route=\/wp\/v2\/posts\/4721"}],"collection":[{"href":"http:\/\/www.edition-schwarzdruck.de\/index.php?rest_route=\/wp\/v2\/posts"}],"about":[{"href":"http:\/\/www.edition-schwarzdruck.de\/index.php?rest_route=\/wp\/v2\/types\/post"}],"author":[{"embeddable":true,"href":"http:\/\/www.edition-schwarzdruck.de\/index.php?rest_route=\/wp\/v2\/users\/2"}],"replies":[{"embeddable":true,"href":"http:\/\/www.edition-schwarzdruck.de\/index.php?rest_route=%2Fwp%2Fv2%2Fcomments&post=4721"}],"version-history":[{"count":1,"href":"http:\/\/www.edition-schwarzdruck.de\/index.php?rest_route=\/wp\/v2\/posts\/4721\/revisions"}],"predecessor-version":[{"id":4722,"href":"http:\/\/www.edition-schwarzdruck.de\/index.php?rest_route=\/wp\/v2\/posts\/4721\/revisions\/4722"}],"wp:attachment":[{"href":"http:\/\/www.edition-schwarzdruck.de\/index.php?rest_route=%2Fwp%2Fv2%2Fmedia&parent=4721"}],"wp:term":[{"taxonomy":"category","embeddable":true,"href":"http:\/\/www.edition-schwarzdruck.de\/index.php?rest_route=%2Fwp%2Fv2%2Fcategories&post=4721"},{"taxonomy":"post_tag","embeddable":true,"href":"http:\/\/www.edition-schwarzdruck.de\/index.php?rest_route=%2Fwp%2Fv2%2Ftags&post=4721"}],"curies":[{"name":"wp","href":"https:\/\/api.w.org\/{rel}","templated":true}]}}