{"id":4713,"date":"2019-08-05T19:49:55","date_gmt":"2019-08-05T17:49:55","guid":{"rendered":"http:\/\/www.edition-schwarzdruck.de\/?p=4713"},"modified":"2019-08-05T19:49:55","modified_gmt":"2019-08-05T17:49:55","slug":"so-ausstellung-haengt","status":"publish","type":"post","link":"http:\/\/www.edition-schwarzdruck.de\/?p=4713","title":{"rendered":"So, Ausstellung h\u00e4ngt!"},"content":{"rendered":"<p>Er\u00f6ffnung in gewohnter Weise am n\u00e4chsten Sonnabend um 16 Uhr. Der Sammler und Leihgeber Roland R. Berger wird die einf\u00fchrenden Worte sprechen, der Kuchen ist (von verschiedenen Damen!) selbst gebacken, einer der ausgestellten K\u00fcnstler wird h\u00f6chstwahrscheinlich pers\u00f6nlich kommen, die Herren Mattheuer, Mohr und M\u00fcnch sind leider verhindert &#8230;<\/p>\n","protected":false},"excerpt":{"rendered":"<p>Er\u00f6ffnung in gewohnter Weise am n\u00e4chsten Sonnabend um 16 Uhr. Der Sammler und Leihgeber Roland R. Berger wird die einf\u00fchrenden Worte sprechen, der Kuchen ist (von verschiedenen Damen!) selbst gebacken, einer der ausgestellten K\u00fcnstler wird h\u00f6chstwahrscheinlich pers\u00f6nlich kommen, die Herren Mattheuer, Mohr und M\u00fcnch sind leider verhindert &#8230;<\/p>\n","protected":false},"author":2,"featured_media":0,"comment_status":"open","ping_status":"open","sticky":false,"template":"","format":"image","meta":[],"categories":[115],"tags":[193,198,194,197,195,200,196,199],"_links":{"self":[{"href":"http:\/\/www.edition-schwarzdruck.de\/index.php?rest_route=\/wp\/v2\/posts\/4713"}],"collection":[{"href":"http:\/\/www.edition-schwarzdruck.de\/index.php?rest_route=\/wp\/v2\/posts"}],"about":[{"href":"http:\/\/www.edition-schwarzdruck.de\/index.php?rest_route=\/wp\/v2\/types\/post"}],"author":[{"embeddable":true,"href":"http:\/\/www.edition-schwarzdruck.de\/index.php?rest_route=\/wp\/v2\/users\/2"}],"replies":[{"embeddable":true,"href":"http:\/\/www.edition-schwarzdruck.de\/index.php?rest_route=%2Fwp%2Fv2%2Fcomments&post=4713"}],"version-history":[{"count":2,"href":"http:\/\/www.edition-schwarzdruck.de\/index.php?rest_route=\/wp\/v2\/posts\/4713\/revisions"}],"predecessor-version":[{"id":4716,"href":"http:\/\/www.edition-schwarzdruck.de\/index.php?rest_route=\/wp\/v2\/posts\/4713\/revisions\/4716"}],"wp:attachment":[{"href":"http:\/\/www.edition-schwarzdruck.de\/index.php?rest_route=%2Fwp%2Fv2%2Fmedia&parent=4713"}],"wp:term":[{"taxonomy":"category","embeddable":true,"href":"http:\/\/www.edition-schwarzdruck.de\/index.php?rest_route=%2Fwp%2Fv2%2Fcategories&post=4713"},{"taxonomy":"post_tag","embeddable":true,"href":"http:\/\/www.edition-schwarzdruck.de\/index.php?rest_route=%2Fwp%2Fv2%2Ftags&post=4713"}],"curies":[{"name":"wp","href":"https:\/\/api.w.org\/{rel}","templated":true}]}}