{"id":4706,"date":"2019-07-30T19:08:04","date_gmt":"2019-07-30T17:08:04","guid":{"rendered":"http:\/\/www.edition-schwarzdruck.de\/?p=4706"},"modified":"2019-07-30T19:08:04","modified_gmt":"2019-07-30T17:08:04","slug":"joop-ist-tot","status":"publish","type":"post","link":"http:\/\/www.edition-schwarzdruck.de\/?p=4706","title":{"rendered":"Joop ist tot"},"content":{"rendered":"<p>Unser hochverehrter Freund und Kollege Joop Visser aus Easterlittens in Friesland ist gestern nach langer schwerer Krankheit gestorben. Alle Hoffnungen, er k\u00f6nnte dem Krebs doch noch irgendwie von der Schippe springen, haben sich leider nicht erf\u00fcllt. Nun ist sein Leiden beendet und wir sind tieftraurig in Gedanken bei ihm und seiner Witwe Ludi.<br \/>\nJoop war nicht nur einer der originellsten und innovativsten K\u00fcnstler innerhalb (und au\u00dferhalb) der Handpressenszene, sondern auch noch &#8222;eigentlich Musiker&#8220;, Komponist, Lehrer und vor allem ein gro\u00dfartiger Mensch mit unglaublich viel Mitgef\u00fchl, Herzlichkeit, Hilfsbereitschaft, Zuverl\u00e4ssigkeit, Haltung und Humor. Einer, der nicht zu ersetzen ist. Wir werden ihn immer schmerzlich vermissen.<\/p>\n","protected":false},"excerpt":{"rendered":"<p>Unser hochverehrter Freund und Kollege Joop Visser aus Easterlittens in Friesland ist gestern nach langer schwerer Krankheit gestorben. Alle Hoffnungen, er k\u00f6nnte dem Krebs doch noch irgendwie von der Schippe springen, haben sich leider nicht erf\u00fcllt. Nun ist sein Leiden beendet und wir sind tieftraurig in Gedanken bei ihm und seiner Witwe Ludi. Joop war [&hellip;]<\/p>\n","protected":false},"author":2,"featured_media":0,"comment_status":"open","ping_status":"open","sticky":false,"template":"","format":"image","meta":[],"categories":[69],"tags":[],"_links":{"self":[{"href":"http:\/\/www.edition-schwarzdruck.de\/index.php?rest_route=\/wp\/v2\/posts\/4706"}],"collection":[{"href":"http:\/\/www.edition-schwarzdruck.de\/index.php?rest_route=\/wp\/v2\/posts"}],"about":[{"href":"http:\/\/www.edition-schwarzdruck.de\/index.php?rest_route=\/wp\/v2\/types\/post"}],"author":[{"embeddable":true,"href":"http:\/\/www.edition-schwarzdruck.de\/index.php?rest_route=\/wp\/v2\/users\/2"}],"replies":[{"embeddable":true,"href":"http:\/\/www.edition-schwarzdruck.de\/index.php?rest_route=%2Fwp%2Fv2%2Fcomments&post=4706"}],"version-history":[{"count":4,"href":"http:\/\/www.edition-schwarzdruck.de\/index.php?rest_route=\/wp\/v2\/posts\/4706\/revisions"}],"predecessor-version":[{"id":4711,"href":"http:\/\/www.edition-schwarzdruck.de\/index.php?rest_route=\/wp\/v2\/posts\/4706\/revisions\/4711"}],"wp:attachment":[{"href":"http:\/\/www.edition-schwarzdruck.de\/index.php?rest_route=%2Fwp%2Fv2%2Fmedia&parent=4706"}],"wp:term":[{"taxonomy":"category","embeddable":true,"href":"http:\/\/www.edition-schwarzdruck.de\/index.php?rest_route=%2Fwp%2Fv2%2Fcategories&post=4706"},{"taxonomy":"post_tag","embeddable":true,"href":"http:\/\/www.edition-schwarzdruck.de\/index.php?rest_route=%2Fwp%2Fv2%2Ftags&post=4706"}],"curies":[{"name":"wp","href":"https:\/\/api.w.org\/{rel}","templated":true}]}}