{"id":4663,"date":"2019-07-10T14:29:01","date_gmt":"2019-07-10T12:29:01","guid":{"rendered":"http:\/\/www.edition-schwarzdruck.de\/?p=4663"},"modified":"2019-07-10T14:41:02","modified_gmt":"2019-07-10T12:41:02","slug":"lpw-2019","status":"publish","type":"post","link":"http:\/\/www.edition-schwarzdruck.de\/?p=4663","title":{"rendered":"LPW 2019"},"content":{"rendered":"<p>[Rich_Web_Slider id=&#8220;1&#8243;]<\/p>\n<p>Es ist zwar schon zwei Wochen her, aber die Nachwirkungen von einer Woche Abwesenheit mussten erst abgearbeitet und verkraftet werden und deshalb nun erst jetzt: der Kurzbericht vom diesj\u00e4hrigen &#8222;LetterPressWorkers&#8220;-Treffen in Mailand. Kurz gesagt: Es war &#8211; wie immer &#8211; sehr sch\u00f6n, anregend, anstrengend, erholsam, aufbauend, am\u00fcsant &#8230;<\/p>\n<p>Auch wie immer: Gro\u00dfes Dankesch\u00f6n an die Organisatoren 9 Punti, Thomas Gravemaker, John Christopher und alle anderen. Wir haben gearbeitet, gedruckt, gequatscht, gegessen, geschwitzt, &#8222;alte&#8220; Freunde getroffen und neue gewonnen. Es ist immer wieder spannend, mit Kollegen aus aller Welt im Team zu drucken. Dieses Jahr hat den Schwarzdrucker das Los mit Olof und Sergej und mit Richard und Marie zum gemeinsamen Drucken gebracht &#8211; wir haben hervorragend zusammengearbeitet und (auch im Nachhinein betrachtet) zwei ansehnliche Bl\u00e4tter hinbekommen. Es war sch\u00f6n, einige Kollegen nach gef\u00fchlt langer Zeit endlich wieder mal pers\u00f6nlich zu treffen und es wurden auch einige Kooperationen geplant. Stephane aus Belgien, Elettra aus Rom, Alexandra aus Polen und Sergej aus Moskau wollen demn\u00e4chst mal unsere Druckwerkstatt besuchen und da werden wir sicherlich wieder viel Spa\u00df bei gemeinsamer Arbeit haben. Und auch Myrna aus den USA hoffen wir im n\u00e4chsten Jahr hier begr\u00fc\u00dfen zu k\u00f6nnen &#8211; hoffentlich kommt nicht wieder etwas dazwischen, denn an diesem Vorhaben arbeiten wir schon drei Jahre &#8230;<br \/>\nNeben der gemeinsamen Arbeit gab es wieder ein paar sehr interessante Vortr\u00e4ge, die legend\u00e4re Auktion und &#8211; als neuer Programmpunkt &#8211; ein Typoquiz. Obwohl die Fragen doch ziemlich &#8222;tricky&#8220; waren &#8211; unser wahrhaft multikulturelles Team (Japan, Russland, Deutschland und 2x Italien) mit den insgesamt vielleicht sogar meisten Anreisekilometern hat sich wacker geschlagen und vor allem dank Elettras Kenntnissen die &#8222;Silbermedaille&#8220; geholt! Aber nat\u00fcrlich stand dabei der Spa\u00df im Vordergrund &#8211; wie auch beim traditionellen Schnapstrinken am Sonnabendabend. Familientreffen k\u00f6nnen ja bekanntlich auch b\u00f6se schiefgehen &#8211; mit dieser Familie kann das nicht passieren. Wir freuen uns schon aufs n\u00e4chste Treffen!<\/p>\n","protected":false},"excerpt":{"rendered":"<p>[Rich_Web_Slider id=&#8220;1&#8243;] Es ist zwar schon zwei Wochen her, aber die Nachwirkungen von einer Woche Abwesenheit mussten erst abgearbeitet und verkraftet werden und deshalb nun erst jetzt: der Kurzbericht vom diesj\u00e4hrigen &#8222;LetterPressWorkers&#8220;-Treffen in Mailand. Kurz gesagt: Es war &#8211; wie immer &#8211; sehr sch\u00f6n, anregend, anstrengend, erholsam, aufbauend, am\u00fcsant &#8230; Auch wie immer: Gro\u00dfes Dankesch\u00f6n [&hellip;]<\/p>\n","protected":false},"author":2,"featured_media":0,"comment_status":"open","ping_status":"open","sticky":false,"template":"","format":"standard","meta":[],"categories":[49],"tags":[189,188],"_links":{"self":[{"href":"http:\/\/www.edition-schwarzdruck.de\/index.php?rest_route=\/wp\/v2\/posts\/4663"}],"collection":[{"href":"http:\/\/www.edition-schwarzdruck.de\/index.php?rest_route=\/wp\/v2\/posts"}],"about":[{"href":"http:\/\/www.edition-schwarzdruck.de\/index.php?rest_route=\/wp\/v2\/types\/post"}],"author":[{"embeddable":true,"href":"http:\/\/www.edition-schwarzdruck.de\/index.php?rest_route=\/wp\/v2\/users\/2"}],"replies":[{"embeddable":true,"href":"http:\/\/www.edition-schwarzdruck.de\/index.php?rest_route=%2Fwp%2Fv2%2Fcomments&post=4663"}],"version-history":[{"count":7,"href":"http:\/\/www.edition-schwarzdruck.de\/index.php?rest_route=\/wp\/v2\/posts\/4663\/revisions"}],"predecessor-version":[{"id":4697,"href":"http:\/\/www.edition-schwarzdruck.de\/index.php?rest_route=\/wp\/v2\/posts\/4663\/revisions\/4697"}],"wp:attachment":[{"href":"http:\/\/www.edition-schwarzdruck.de\/index.php?rest_route=%2Fwp%2Fv2%2Fmedia&parent=4663"}],"wp:term":[{"taxonomy":"category","embeddable":true,"href":"http:\/\/www.edition-schwarzdruck.de\/index.php?rest_route=%2Fwp%2Fv2%2Fcategories&post=4663"},{"taxonomy":"post_tag","embeddable":true,"href":"http:\/\/www.edition-schwarzdruck.de\/index.php?rest_route=%2Fwp%2Fv2%2Ftags&post=4663"}],"curies":[{"name":"wp","href":"https:\/\/api.w.org\/{rel}","templated":true}]}}