{"id":4628,"date":"2019-07-07T19:42:21","date_gmt":"2019-07-07T17:42:21","guid":{"rendered":"http:\/\/www.edition-schwarzdruck.de\/?p=4628"},"modified":"2019-07-07T20:00:48","modified_gmt":"2019-07-07T18:00:48","slug":"so-sommerpause-in-der-eremitage","status":"publish","type":"post","link":"http:\/\/www.edition-schwarzdruck.de\/?p=4628","title":{"rendered":"So! Sommerpause in der Eremitage."},"content":{"rendered":"<p>Die Finissage am Sonnabend war nicht besonders zahlreich, daf\u00fcr aber sehr interessiert besucht. Jetzt machen wir eine kurze Pause und er\u00f6ffnen dann wieder am 10. August die n\u00e4chste Ausstellung mit dem immer noch geheimnisvollen Ausstellungsarbeitstitel &#8222;7xM&#8220;.<\/p>\n","protected":false},"excerpt":{"rendered":"<p>Die Finissage am Sonnabend war nicht besonders zahlreich, daf\u00fcr aber sehr interessiert besucht. Jetzt machen wir eine kurze Pause und er\u00f6ffnen dann wieder am 10. August die n\u00e4chste Ausstellung mit dem immer noch geheimnisvollen Ausstellungsarbeitstitel &#8222;7xM&#8220;.<\/p>\n","protected":false},"author":2,"featured_media":0,"comment_status":"open","ping_status":"open","sticky":false,"template":"","format":"standard","meta":[],"categories":[115],"tags":[],"_links":{"self":[{"href":"http:\/\/www.edition-schwarzdruck.de\/index.php?rest_route=\/wp\/v2\/posts\/4628"}],"collection":[{"href":"http:\/\/www.edition-schwarzdruck.de\/index.php?rest_route=\/wp\/v2\/posts"}],"about":[{"href":"http:\/\/www.edition-schwarzdruck.de\/index.php?rest_route=\/wp\/v2\/types\/post"}],"author":[{"embeddable":true,"href":"http:\/\/www.edition-schwarzdruck.de\/index.php?rest_route=\/wp\/v2\/users\/2"}],"replies":[{"embeddable":true,"href":"http:\/\/www.edition-schwarzdruck.de\/index.php?rest_route=%2Fwp%2Fv2%2Fcomments&post=4628"}],"version-history":[{"count":2,"href":"http:\/\/www.edition-schwarzdruck.de\/index.php?rest_route=\/wp\/v2\/posts\/4628\/revisions"}],"predecessor-version":[{"id":4630,"href":"http:\/\/www.edition-schwarzdruck.de\/index.php?rest_route=\/wp\/v2\/posts\/4628\/revisions\/4630"}],"wp:attachment":[{"href":"http:\/\/www.edition-schwarzdruck.de\/index.php?rest_route=%2Fwp%2Fv2%2Fmedia&parent=4628"}],"wp:term":[{"taxonomy":"category","embeddable":true,"href":"http:\/\/www.edition-schwarzdruck.de\/index.php?rest_route=%2Fwp%2Fv2%2Fcategories&post=4628"},{"taxonomy":"post_tag","embeddable":true,"href":"http:\/\/www.edition-schwarzdruck.de\/index.php?rest_route=%2Fwp%2Fv2%2Ftags&post=4628"}],"curies":[{"name":"wp","href":"https:\/\/api.w.org\/{rel}","templated":true}]}}