{"id":4625,"date":"2019-07-07T19:38:07","date_gmt":"2019-07-07T17:38:07","guid":{"rendered":"http:\/\/www.edition-schwarzdruck.de\/?p=4625"},"modified":"2019-07-07T19:38:07","modified_gmt":"2019-07-07T17:38:07","slug":"pietra-montecorvino","status":"publish","type":"post","link":"http:\/\/www.edition-schwarzdruck.de\/?p=4625","title":{"rendered":"Pietra Montecorvino"},"content":{"rendered":"<p>ist Schwarzdruckers diesj\u00e4hrige Entdeckung aus der italienischen Musikszene. Die Frau macht schon recht lange Musik, scheint aber au\u00dferhalb Italiens geradezu unbekannt zu sein. Eine gro\u00dfartige Stimme und eine gro\u00dfartige S\u00e4ngerin. Zu empfehlen sind vor allem die \u00e4lteren Werke, die neueren scheinen etwas kommerzieller, poppiger, schlagerhafter zu sein. Neben eigenen Songs singt sie aber auch irre Coverversionen italienischer Volksmusik- und Popmusikklassiker und mixt dabei oft und gern sehr arabisch klingende T\u00f6ne und Instrumente mit hinein. Diese St\u00fcck konnte ich noch nicht auf &#8222;Platte&#8220; finden und wird deshalb zum (nachgereichten) Schlager der Woche. Wems gef\u00e4llt, der sollte sich aber unbedingt zumindest noch ihre &#8222;Guaglione&#8220;-Fassung anh\u00f6ren &#8211; toll!<\/p>\n","protected":false},"excerpt":{"rendered":"<p>ist Schwarzdruckers diesj\u00e4hrige Entdeckung aus der italienischen Musikszene. Die Frau macht schon recht lange Musik, scheint aber au\u00dferhalb Italiens geradezu unbekannt zu sein. Eine gro\u00dfartige Stimme und eine gro\u00dfartige S\u00e4ngerin. Zu empfehlen sind vor allem die \u00e4lteren Werke, die neueren scheinen etwas kommerzieller, poppiger, schlagerhafter zu sein. Neben eigenen Songs singt sie aber auch irre [&hellip;]<\/p>\n","protected":false},"author":2,"featured_media":0,"comment_status":"open","ping_status":"open","sticky":false,"template":"","format":"video","meta":[],"categories":[68],"tags":[141],"_links":{"self":[{"href":"http:\/\/www.edition-schwarzdruck.de\/index.php?rest_route=\/wp\/v2\/posts\/4625"}],"collection":[{"href":"http:\/\/www.edition-schwarzdruck.de\/index.php?rest_route=\/wp\/v2\/posts"}],"about":[{"href":"http:\/\/www.edition-schwarzdruck.de\/index.php?rest_route=\/wp\/v2\/types\/post"}],"author":[{"embeddable":true,"href":"http:\/\/www.edition-schwarzdruck.de\/index.php?rest_route=\/wp\/v2\/users\/2"}],"replies":[{"embeddable":true,"href":"http:\/\/www.edition-schwarzdruck.de\/index.php?rest_route=%2Fwp%2Fv2%2Fcomments&post=4625"}],"version-history":[{"count":2,"href":"http:\/\/www.edition-schwarzdruck.de\/index.php?rest_route=\/wp\/v2\/posts\/4625\/revisions"}],"predecessor-version":[{"id":4627,"href":"http:\/\/www.edition-schwarzdruck.de\/index.php?rest_route=\/wp\/v2\/posts\/4625\/revisions\/4627"}],"wp:attachment":[{"href":"http:\/\/www.edition-schwarzdruck.de\/index.php?rest_route=%2Fwp%2Fv2%2Fmedia&parent=4625"}],"wp:term":[{"taxonomy":"category","embeddable":true,"href":"http:\/\/www.edition-schwarzdruck.de\/index.php?rest_route=%2Fwp%2Fv2%2Fcategories&post=4625"},{"taxonomy":"post_tag","embeddable":true,"href":"http:\/\/www.edition-schwarzdruck.de\/index.php?rest_route=%2Fwp%2Fv2%2Ftags&post=4625"}],"curies":[{"name":"wp","href":"https:\/\/api.w.org\/{rel}","templated":true}]}}