{"id":4618,"date":"2019-06-21T18:47:52","date_gmt":"2019-06-21T16:47:52","guid":{"rendered":"http:\/\/www.edition-schwarzdruck.de\/?p=4618"},"modified":"2019-06-21T18:50:36","modified_gmt":"2019-06-21T16:50:36","slug":"von-vinicio-capossela","status":"publish","type":"post","link":"http:\/\/www.edition-schwarzdruck.de\/?p=4618","title":{"rendered":"Von Vinicio Capossela"},"content":{"rendered":"<p>kommt der aktuelle Schlager der Woche, schlie\u00dflich geht der Betriebsausflug n\u00e4chste Woche zu den &#8222;LetterpressWorkers&#8220; nach Mailand und da muss einer gewissen Vorfreude musikalisches Futter gegeben werden. Vinicio Capossela ist au\u00dferhalb Italiens nicht gerade der allseits bekannte Superstar, hat aber wirklich nur gro\u00dfartige Platten gemacht und ist live ein echtes Erlebnis. &#8222;Italienischer&#8220; als er kann man wohl kaum sein &#8211; allein der raue Schmelz seiner Stimme haut geradezu um. Wer sich f\u00fcr die wirklich hochinteressante, vielf\u00e4ltige und merkw\u00fcrdigerweise \u00fcber die Landesgrenzen hinaus weithin unbekannte Popmusikszene des Landes der Oper und der S\u00e4nger und S\u00e4ngerinnen interessiert, kommt an Capossela nicht vorbei. Wir werden wieder eine gro\u00dfartige Woche in Mailand haben und die ganze Zeit nur italienische Musik h\u00f6ren &#8230; basta!<\/p>\n","protected":false},"excerpt":{"rendered":"<p>kommt der aktuelle Schlager der Woche, schlie\u00dflich geht der Betriebsausflug n\u00e4chste Woche zu den &#8222;LetterpressWorkers&#8220; nach Mailand und da muss einer gewissen Vorfreude musikalisches Futter gegeben werden. Vinicio Capossela ist au\u00dferhalb Italiens nicht gerade der allseits bekannte Superstar, hat aber wirklich nur gro\u00dfartige Platten gemacht und ist live ein echtes Erlebnis. &#8222;Italienischer&#8220; als er kann [&hellip;]<\/p>\n","protected":false},"author":2,"featured_media":0,"comment_status":"open","ping_status":"open","sticky":false,"template":"","format":"video","meta":[],"categories":[68],"tags":[141],"_links":{"self":[{"href":"http:\/\/www.edition-schwarzdruck.de\/index.php?rest_route=\/wp\/v2\/posts\/4618"}],"collection":[{"href":"http:\/\/www.edition-schwarzdruck.de\/index.php?rest_route=\/wp\/v2\/posts"}],"about":[{"href":"http:\/\/www.edition-schwarzdruck.de\/index.php?rest_route=\/wp\/v2\/types\/post"}],"author":[{"embeddable":true,"href":"http:\/\/www.edition-schwarzdruck.de\/index.php?rest_route=\/wp\/v2\/users\/2"}],"replies":[{"embeddable":true,"href":"http:\/\/www.edition-schwarzdruck.de\/index.php?rest_route=%2Fwp%2Fv2%2Fcomments&post=4618"}],"version-history":[{"count":3,"href":"http:\/\/www.edition-schwarzdruck.de\/index.php?rest_route=\/wp\/v2\/posts\/4618\/revisions"}],"predecessor-version":[{"id":4621,"href":"http:\/\/www.edition-schwarzdruck.de\/index.php?rest_route=\/wp\/v2\/posts\/4618\/revisions\/4621"}],"wp:attachment":[{"href":"http:\/\/www.edition-schwarzdruck.de\/index.php?rest_route=%2Fwp%2Fv2%2Fmedia&parent=4618"}],"wp:term":[{"taxonomy":"category","embeddable":true,"href":"http:\/\/www.edition-schwarzdruck.de\/index.php?rest_route=%2Fwp%2Fv2%2Fcategories&post=4618"},{"taxonomy":"post_tag","embeddable":true,"href":"http:\/\/www.edition-schwarzdruck.de\/index.php?rest_route=%2Fwp%2Fv2%2Ftags&post=4618"}],"curies":[{"name":"wp","href":"https:\/\/api.w.org\/{rel}","templated":true}]}}