{"id":4616,"date":"2019-06-20T17:44:57","date_gmt":"2019-06-20T15:44:57","guid":{"rendered":"http:\/\/www.edition-schwarzdruck.de\/?p=4616"},"modified":"2019-06-20T17:50:20","modified_gmt":"2019-06-20T15:50:20","slug":"traurig-ueber-den-affinity-publisher","status":"publish","type":"post","link":"http:\/\/www.edition-schwarzdruck.de\/?p=4616","title":{"rendered":"Traurig \u00fcber den &#8222;Affinity Publisher&#8220;"},"content":{"rendered":"<p>ist der Schwarzdrucker heute. Dabei hatte er sich so gefreut auf die Ver\u00f6ffentlichung dieses Layoutprogramms. Die Sch\u00f6pfer des Programms haben schon sehr vielversprechende Photoshop- und Illustrator-Konkurrenten auf den Markt gebracht, die nicht nur extrem preiswert sind, sondern auch nach Meinung der meisten Rezensenten (und des dabei nicht ganz so anspruchsvollen Schwarzdruckers) alles k\u00f6nnen, was man f\u00fcr Bildbearbeitung braucht. Und mit dem Publisher k\u00f6nnte man sich endlich so nach und nach vom InDesign der Schweinefirma Adobe verabschieden. Dachte der Schwarzdrucker, der noch immer mit ziemlich alten InDesign-Versionen arbeitet, weil er sich nicht in eine teure und sinnlose Monatsmietenabh\u00e4ngigkeit bei Adobe begeben m\u00f6chte. Was man nat\u00fcrlich angesichts des immer d\u00e4mlicheren und schnelllebigeren Fortschritts nicht mehr ewig durchhalten kann.<\/p>\n<p>Heute nun wurde der Publisher ver\u00f6ffentlicht und ist: eine riesige Entt\u00e4uschung. Das Programm sieht sehr schick aus, was dem Schwarzdrucker egal ist. Man kommt recht schnell rein, was sehr sch\u00f6n ist. Und dann merkt man aber leider auch sehr schnell, dass der Publisher zwar vermutlich etliche Dinge kann, die man gar nicht braucht als Setzer und B\u00fcchermacher. Daf\u00fcr kann er aber viele Dinge nicht, die man heutzutage von einem Layoutprogramm mit professionellen Anspr\u00fcchen durchaus erwarten darf. Okay, dass das Programm noch nicht allzu stabil l\u00e4uft &#8211; da hat man Hoffnung auf baldige Besserung. Aber dass ein Layoutprogramm nur sehr begrenzte F\u00e4higkeiten zum Import verschiedener Textdateiformate hat ist schon sehr \u00e4rgerlich. Am Schlimmsten: Das Programm hat weder eine Fu\u00df- noch eine Endnotenfunktion und ist damit f\u00fcr den Satz der meisten B\u00fccher, die der Schwarzdrucker macht, v\u00f6llig unbrauchbar. Da f\u00e4llt es schon gar nicht mehr auf, dass es auch keine automatisierten M\u00f6glichkeiten zum Satz von lebenden Kolumnentiteln gibt, zum Umgang mit Textvariablen (wie im Indesign) und nat\u00fcrlich schon gar keine Marginalspaltenfunktion, die ja auch (zumindest in Schwarzdruckers) Indesign fehlt. Ich w\u00e4re gar nicht auf die Idee gekommen, dass Sch\u00f6pfer eines solchen Programms meinen k\u00f6nnten, auf solche Features verzichten zu k\u00f6nnen &#8211; \u00fcbrigens auch entgegen vieler Bitten und Hinweise der Beta-Tester.<\/p>\n<p>Also vorerst nix mit &#8222;Tsch\u00fcs zu Adobe&#8220;. Und mal wieder Geld rausgeschmissen &#8230;<\/p>\n","protected":false},"excerpt":{"rendered":"<p>ist der Schwarzdrucker heute. Dabei hatte er sich so gefreut auf die Ver\u00f6ffentlichung dieses Layoutprogramms. Die Sch\u00f6pfer des Programms haben schon sehr vielversprechende Photoshop- und Illustrator-Konkurrenten auf den Markt gebracht, die nicht nur extrem preiswert sind, sondern auch nach Meinung der meisten Rezensenten (und des dabei nicht ganz so anspruchsvollen Schwarzdruckers) alles k\u00f6nnen, was man [&hellip;]<\/p>\n","protected":false},"author":2,"featured_media":0,"comment_status":"open","ping_status":"open","sticky":false,"template":"","format":"standard","meta":[],"categories":[64],"tags":[184],"_links":{"self":[{"href":"http:\/\/www.edition-schwarzdruck.de\/index.php?rest_route=\/wp\/v2\/posts\/4616"}],"collection":[{"href":"http:\/\/www.edition-schwarzdruck.de\/index.php?rest_route=\/wp\/v2\/posts"}],"about":[{"href":"http:\/\/www.edition-schwarzdruck.de\/index.php?rest_route=\/wp\/v2\/types\/post"}],"author":[{"embeddable":true,"href":"http:\/\/www.edition-schwarzdruck.de\/index.php?rest_route=\/wp\/v2\/users\/2"}],"replies":[{"embeddable":true,"href":"http:\/\/www.edition-schwarzdruck.de\/index.php?rest_route=%2Fwp%2Fv2%2Fcomments&post=4616"}],"version-history":[{"count":1,"href":"http:\/\/www.edition-schwarzdruck.de\/index.php?rest_route=\/wp\/v2\/posts\/4616\/revisions"}],"predecessor-version":[{"id":4617,"href":"http:\/\/www.edition-schwarzdruck.de\/index.php?rest_route=\/wp\/v2\/posts\/4616\/revisions\/4617"}],"wp:attachment":[{"href":"http:\/\/www.edition-schwarzdruck.de\/index.php?rest_route=%2Fwp%2Fv2%2Fmedia&parent=4616"}],"wp:term":[{"taxonomy":"category","embeddable":true,"href":"http:\/\/www.edition-schwarzdruck.de\/index.php?rest_route=%2Fwp%2Fv2%2Fcategories&post=4616"},{"taxonomy":"post_tag","embeddable":true,"href":"http:\/\/www.edition-schwarzdruck.de\/index.php?rest_route=%2Fwp%2Fv2%2Ftags&post=4616"}],"curies":[{"name":"wp","href":"https:\/\/api.w.org\/{rel}","templated":true}]}}