{"id":4614,"date":"2019-06-20T15:40:50","date_gmt":"2019-06-20T13:40:50","guid":{"rendered":"http:\/\/www.edition-schwarzdruck.de\/?p=4614"},"modified":"2019-06-20T15:40:50","modified_gmt":"2019-06-20T13:40:50","slug":"auch-wenn-schwarzdruck","status":"publish","type":"post","link":"http:\/\/www.edition-schwarzdruck.de\/?p=4614","title":{"rendered":"Auch wenn Schwarzdruck"},"content":{"rendered":"<p>naturgem\u00e4\u00df eher &#8222;innen&#8220; stattfindet &#8211; einen klitzekleinen Garten haben wir doch. Seit vorigem Jahr. Aus Liebe zur frisch vom Strauch gepfl\u00fcckten und verspeisten Stachelbeere &#8230; auch wenn es sogar ein paar kleine Erdbeeren gibt. Das mittlere Stachelbeer-B\u00e4umchen gibt dieses Jahr wirklich alles. Tr\u00e4gt sogar mehr Beeren als es Bl\u00e4tter hat, weil dieses aufopferungsvolle Pfl\u00e4nzchen damit auch noch irgendeine bl\u00f6de Raupe durchgef\u00fcttert hat. Das ist echte Hingabe und muss mit dem Titel &#8222;Mitarbeiter des Monats&#8220; geehrt werden. Hoffentlich werden die Beeren noch vor (oder aber nach) dem Italientrip vom Schwarzdrucker in der n\u00e4chsten Woche reif &#8230; es bleibt spannend!<a href=\"http:\/\/www.edition-schwarzdruck.de\/wp-content\/uploads\/2014\/04\/garten1-SAM_1746.jpg\"><img decoding=\"async\" loading=\"lazy\" class=\"alignnone size-medium wp-image-4610\" src=\"http:\/\/www.edition-schwarzdruck.de\/wp-content\/uploads\/2014\/04\/garten1-SAM_1746-300x300.jpg\" alt=\"\" width=\"300\" height=\"300\" srcset=\"http:\/\/www.edition-schwarzdruck.de\/wp-content\/uploads\/2014\/04\/garten1-SAM_1746-300x300.jpg 300w, http:\/\/www.edition-schwarzdruck.de\/wp-content\/uploads\/2014\/04\/garten1-SAM_1746-150x150.jpg 150w, http:\/\/www.edition-schwarzdruck.de\/wp-content\/uploads\/2014\/04\/garten1-SAM_1746-768x768.jpg 768w, http:\/\/www.edition-schwarzdruck.de\/wp-content\/uploads\/2014\/04\/garten1-SAM_1746.jpg 1000w\" sizes=\"(max-width: 300px) 100vw, 300px\" \/><\/a><a href=\"http:\/\/www.edition-schwarzdruck.de\/wp-content\/uploads\/2014\/04\/garten2-SAM_1745.jpg\"><img decoding=\"async\" loading=\"lazy\" class=\"alignnone size-medium wp-image-4609\" src=\"http:\/\/www.edition-schwarzdruck.de\/wp-content\/uploads\/2014\/04\/garten2-SAM_1745-300x300.jpg\" alt=\"\" width=\"300\" height=\"300\" srcset=\"http:\/\/www.edition-schwarzdruck.de\/wp-content\/uploads\/2014\/04\/garten2-SAM_1745-300x300.jpg 300w, http:\/\/www.edition-schwarzdruck.de\/wp-content\/uploads\/2014\/04\/garten2-SAM_1745-150x150.jpg 150w, http:\/\/www.edition-schwarzdruck.de\/wp-content\/uploads\/2014\/04\/garten2-SAM_1745-768x768.jpg 768w, http:\/\/www.edition-schwarzdruck.de\/wp-content\/uploads\/2014\/04\/garten2-SAM_1745.jpg 1000w\" sizes=\"(max-width: 300px) 100vw, 300px\" \/><\/a><\/p>\n","protected":false},"excerpt":{"rendered":"<p>naturgem\u00e4\u00df eher &#8222;innen&#8220; stattfindet &#8211; einen klitzekleinen Garten haben wir doch. Seit vorigem Jahr. Aus Liebe zur frisch vom Strauch gepfl\u00fcckten und verspeisten Stachelbeere &#8230; auch wenn es sogar ein paar kleine Erdbeeren gibt. Das mittlere Stachelbeer-B\u00e4umchen gibt dieses Jahr wirklich alles. Tr\u00e4gt sogar mehr Beeren als es Bl\u00e4tter hat, weil dieses aufopferungsvolle Pfl\u00e4nzchen damit [&hellip;]<\/p>\n","protected":false},"author":2,"featured_media":0,"comment_status":"open","ping_status":"open","sticky":false,"template":"","format":"image","meta":[],"categories":[69,64],"tags":[],"_links":{"self":[{"href":"http:\/\/www.edition-schwarzdruck.de\/index.php?rest_route=\/wp\/v2\/posts\/4614"}],"collection":[{"href":"http:\/\/www.edition-schwarzdruck.de\/index.php?rest_route=\/wp\/v2\/posts"}],"about":[{"href":"http:\/\/www.edition-schwarzdruck.de\/index.php?rest_route=\/wp\/v2\/types\/post"}],"author":[{"embeddable":true,"href":"http:\/\/www.edition-schwarzdruck.de\/index.php?rest_route=\/wp\/v2\/users\/2"}],"replies":[{"embeddable":true,"href":"http:\/\/www.edition-schwarzdruck.de\/index.php?rest_route=%2Fwp%2Fv2%2Fcomments&post=4614"}],"version-history":[{"count":1,"href":"http:\/\/www.edition-schwarzdruck.de\/index.php?rest_route=\/wp\/v2\/posts\/4614\/revisions"}],"predecessor-version":[{"id":4615,"href":"http:\/\/www.edition-schwarzdruck.de\/index.php?rest_route=\/wp\/v2\/posts\/4614\/revisions\/4615"}],"wp:attachment":[{"href":"http:\/\/www.edition-schwarzdruck.de\/index.php?rest_route=%2Fwp%2Fv2%2Fmedia&parent=4614"}],"wp:term":[{"taxonomy":"category","embeddable":true,"href":"http:\/\/www.edition-schwarzdruck.de\/index.php?rest_route=%2Fwp%2Fv2%2Fcategories&post=4614"},{"taxonomy":"post_tag","embeddable":true,"href":"http:\/\/www.edition-schwarzdruck.de\/index.php?rest_route=%2Fwp%2Fv2%2Ftags&post=4614"}],"curies":[{"name":"wp","href":"https:\/\/api.w.org\/{rel}","templated":true}]}}