{"id":4606,"date":"2019-06-20T15:25:20","date_gmt":"2019-06-20T13:25:20","guid":{"rendered":"http:\/\/www.edition-schwarzdruck.de\/?p=4606"},"modified":"2019-06-20T15:25:20","modified_gmt":"2019-06-20T13:25:20","slug":"arbeits-besuch-in-der-werkstatt","status":"publish","type":"post","link":"http:\/\/www.edition-schwarzdruck.de\/?p=4606","title":{"rendered":"Arbeits-Besuch in der Werkstatt"},"content":{"rendered":"<p>von Daniel Kunz aus Basel. Unser lieber Freund und Kollege weilte ein paar Tage der vorigen Woche hier und druckte sein Blatt f\u00fcr den n\u00e4chsten Widerdruck-Kalender f\u00fcr 2020 an der Vandercook-Andruckpresse in drei Farben. Das Projekt hat den wundersch\u00f6nen Titel &#8222;Nur gute B\u00fccher haben gute Druckfehler&#8220; und ist dem Andenken an den legend\u00e4ren VauO Stomps gewidmet, dessen 50. Todestag wir im n\u00e4chsten Jahr betrauern. Es fehlen jetzt also &#8222;nur&#8220; noch die anderen 12 Bl\u00e4tter zum fertigen Kalender &#8230;<\/p>\n","protected":false},"excerpt":{"rendered":"<p>von Daniel Kunz aus Basel. Unser lieber Freund und Kollege weilte ein paar Tage der vorigen Woche hier und druckte sein Blatt f\u00fcr den n\u00e4chsten Widerdruck-Kalender f\u00fcr 2020 an der Vandercook-Andruckpresse in drei Farben. Das Projekt hat den wundersch\u00f6nen Titel &#8222;Nur gute B\u00fccher haben gute Druckfehler&#8220; und ist dem Andenken an den legend\u00e4ren VauO Stomps [&hellip;]<\/p>\n","protected":false},"author":2,"featured_media":0,"comment_status":"open","ping_status":"open","sticky":false,"template":"","format":"image","meta":[],"categories":[64],"tags":[181,182,183],"_links":{"self":[{"href":"http:\/\/www.edition-schwarzdruck.de\/index.php?rest_route=\/wp\/v2\/posts\/4606"}],"collection":[{"href":"http:\/\/www.edition-schwarzdruck.de\/index.php?rest_route=\/wp\/v2\/posts"}],"about":[{"href":"http:\/\/www.edition-schwarzdruck.de\/index.php?rest_route=\/wp\/v2\/types\/post"}],"author":[{"embeddable":true,"href":"http:\/\/www.edition-schwarzdruck.de\/index.php?rest_route=\/wp\/v2\/users\/2"}],"replies":[{"embeddable":true,"href":"http:\/\/www.edition-schwarzdruck.de\/index.php?rest_route=%2Fwp%2Fv2%2Fcomments&post=4606"}],"version-history":[{"count":3,"href":"http:\/\/www.edition-schwarzdruck.de\/index.php?rest_route=\/wp\/v2\/posts\/4606\/revisions"}],"predecessor-version":[{"id":4613,"href":"http:\/\/www.edition-schwarzdruck.de\/index.php?rest_route=\/wp\/v2\/posts\/4606\/revisions\/4613"}],"wp:attachment":[{"href":"http:\/\/www.edition-schwarzdruck.de\/index.php?rest_route=%2Fwp%2Fv2%2Fmedia&parent=4606"}],"wp:term":[{"taxonomy":"category","embeddable":true,"href":"http:\/\/www.edition-schwarzdruck.de\/index.php?rest_route=%2Fwp%2Fv2%2Fcategories&post=4606"},{"taxonomy":"post_tag","embeddable":true,"href":"http:\/\/www.edition-schwarzdruck.de\/index.php?rest_route=%2Fwp%2Fv2%2Ftags&post=4606"}],"curies":[{"name":"wp","href":"https:\/\/api.w.org\/{rel}","templated":true}]}}