{"id":4599,"date":"2019-06-13T16:55:44","date_gmt":"2019-06-13T14:55:44","guid":{"rendered":"http:\/\/www.edition-schwarzdruck.de\/?p=4599"},"modified":"2019-06-13T16:55:44","modified_gmt":"2019-06-13T14:55:44","slug":"die-naechste-post-portoerhoehung","status":"publish","type":"post","link":"http:\/\/www.edition-schwarzdruck.de\/?p=4599","title":{"rendered":"Die n\u00e4chste Post-Portoerh\u00f6hung"},"content":{"rendered":"<p>zum 1. Juli bleibt moderat \u00a0&#8211; war zu lesen. Gut, der Normalbrief wird um &#8222;moderate&#8220; 10 Cent teurer, weil nicht mehr so viele Briefe geschrieben werden. ABER ACHTUNG, LIEBE KUNDEN, LESER UND BUCHH\u00c4NDLER! Die B\u00fcchersendung wird nicht teurer, hat mir unsere freundliche Postdame soeben verraten. Das war die gute Nachricht. Die schlechte: Die B\u00fcchersendung wird abgeschafft. B\u00fccher k\u00f6nnen ab dem 1. Juli nur noch als Warensendung verschickt werden. Die Sendung bis 500g (bisher als Buch 1,20 Euro) kostet dann &#8222;moderate&#8220; 1,90 Euro, die 1000g-Sendung wird statt 1,70 Euro dann total &#8222;moderate&#8220; 2,20 Euro kosten. Dieser Preisanstieg auf schlappe 160% bzw. 130% wird eine Erh\u00f6hung der Versandkosten auch bei der Edition Schwarzdruck mit sich bringen &#8230; Sorry, aber wir k\u00f6nnen nichts daf\u00fcr!<\/p>\n","protected":false},"excerpt":{"rendered":"<p>zum 1. Juli bleibt moderat \u00a0&#8211; war zu lesen. Gut, der Normalbrief wird um &#8222;moderate&#8220; 10 Cent teurer, weil nicht mehr so viele Briefe geschrieben werden. ABER ACHTUNG, LIEBE KUNDEN, LESER UND BUCHH\u00c4NDLER! Die B\u00fcchersendung wird nicht teurer, hat mir unsere freundliche Postdame soeben verraten. Das war die gute Nachricht. Die schlechte: Die B\u00fcchersendung wird [&hellip;]<\/p>\n","protected":false},"author":2,"featured_media":0,"comment_status":"open","ping_status":"open","sticky":false,"template":"","format":"standard","meta":[],"categories":[1],"tags":[],"_links":{"self":[{"href":"http:\/\/www.edition-schwarzdruck.de\/index.php?rest_route=\/wp\/v2\/posts\/4599"}],"collection":[{"href":"http:\/\/www.edition-schwarzdruck.de\/index.php?rest_route=\/wp\/v2\/posts"}],"about":[{"href":"http:\/\/www.edition-schwarzdruck.de\/index.php?rest_route=\/wp\/v2\/types\/post"}],"author":[{"embeddable":true,"href":"http:\/\/www.edition-schwarzdruck.de\/index.php?rest_route=\/wp\/v2\/users\/2"}],"replies":[{"embeddable":true,"href":"http:\/\/www.edition-schwarzdruck.de\/index.php?rest_route=%2Fwp%2Fv2%2Fcomments&post=4599"}],"version-history":[{"count":2,"href":"http:\/\/www.edition-schwarzdruck.de\/index.php?rest_route=\/wp\/v2\/posts\/4599\/revisions"}],"predecessor-version":[{"id":4601,"href":"http:\/\/www.edition-schwarzdruck.de\/index.php?rest_route=\/wp\/v2\/posts\/4599\/revisions\/4601"}],"wp:attachment":[{"href":"http:\/\/www.edition-schwarzdruck.de\/index.php?rest_route=%2Fwp%2Fv2%2Fmedia&parent=4599"}],"wp:term":[{"taxonomy":"category","embeddable":true,"href":"http:\/\/www.edition-schwarzdruck.de\/index.php?rest_route=%2Fwp%2Fv2%2Fcategories&post=4599"},{"taxonomy":"post_tag","embeddable":true,"href":"http:\/\/www.edition-schwarzdruck.de\/index.php?rest_route=%2Fwp%2Fv2%2Ftags&post=4599"}],"curies":[{"name":"wp","href":"https:\/\/api.w.org\/{rel}","templated":true}]}}