{"id":4589,"date":"2019-05-24T18:10:48","date_gmt":"2019-05-24T16:10:48","guid":{"rendered":"http:\/\/www.edition-schwarzdruck.de\/?p=4589"},"modified":"2019-05-24T18:10:48","modified_gmt":"2019-05-24T16:10:48","slug":"viel-besser","status":"publish","type":"post","link":"http:\/\/www.edition-schwarzdruck.de\/?p=4589","title":{"rendered":"Viel besser"},"content":{"rendered":"<p>als nichts. Eine Wahlempfehlung f\u00fcr Sonntag.<br \/>\nLouis F\u00fcrnberg (\u00c4ltere werden sich an ihn erinnern) hat immer noch recht.<\/p>\n","protected":false},"excerpt":{"rendered":"<p>als nichts. Eine Wahlempfehlung f\u00fcr Sonntag. Louis F\u00fcrnberg (\u00c4ltere werden sich an ihn erinnern) hat immer noch recht.<\/p>\n","protected":false},"author":2,"featured_media":0,"comment_status":"open","ping_status":"open","sticky":false,"template":"","format":"video","meta":[],"categories":[50],"tags":[],"_links":{"self":[{"href":"http:\/\/www.edition-schwarzdruck.de\/index.php?rest_route=\/wp\/v2\/posts\/4589"}],"collection":[{"href":"http:\/\/www.edition-schwarzdruck.de\/index.php?rest_route=\/wp\/v2\/posts"}],"about":[{"href":"http:\/\/www.edition-schwarzdruck.de\/index.php?rest_route=\/wp\/v2\/types\/post"}],"author":[{"embeddable":true,"href":"http:\/\/www.edition-schwarzdruck.de\/index.php?rest_route=\/wp\/v2\/users\/2"}],"replies":[{"embeddable":true,"href":"http:\/\/www.edition-schwarzdruck.de\/index.php?rest_route=%2Fwp%2Fv2%2Fcomments&post=4589"}],"version-history":[{"count":2,"href":"http:\/\/www.edition-schwarzdruck.de\/index.php?rest_route=\/wp\/v2\/posts\/4589\/revisions"}],"predecessor-version":[{"id":4591,"href":"http:\/\/www.edition-schwarzdruck.de\/index.php?rest_route=\/wp\/v2\/posts\/4589\/revisions\/4591"}],"wp:attachment":[{"href":"http:\/\/www.edition-schwarzdruck.de\/index.php?rest_route=%2Fwp%2Fv2%2Fmedia&parent=4589"}],"wp:term":[{"taxonomy":"category","embeddable":true,"href":"http:\/\/www.edition-schwarzdruck.de\/index.php?rest_route=%2Fwp%2Fv2%2Fcategories&post=4589"},{"taxonomy":"post_tag","embeddable":true,"href":"http:\/\/www.edition-schwarzdruck.de\/index.php?rest_route=%2Fwp%2Fv2%2Ftags&post=4589"}],"curies":[{"name":"wp","href":"https:\/\/api.w.org\/{rel}","templated":true}]}}