{"id":4581,"date":"2019-05-23T15:06:37","date_gmt":"2019-05-23T13:06:37","guid":{"rendered":"http:\/\/www.edition-schwarzdruck.de\/?p=4581"},"modified":"2019-05-23T15:07:48","modified_gmt":"2019-05-23T13:07:48","slug":"zur-europawahl-und-auch-sonst","status":"publish","type":"post","link":"http:\/\/www.edition-schwarzdruck.de\/?p=4581","title":{"rendered":"Zur Europawahl und auch sonst"},"content":{"rendered":"<p>sei hiermit allen dieses Video eines &#8222;voll krass&#8220; beeindruckenden jungen Mannes anempfohlen. Kein Kevin, kein Sozialdemokrat.<\/p>\n<p>Gibts eigentlich Marx schon in einer sch\u00f6n kurzen, lesefreundlichen Jugendsprache-Ausgabe? Es w\u00e4re wohl dringend an der Zeit daf\u00fcr.\u00a0Autoren, die so etwas auf Lager haben &#8211; bitte dringend melden! W\u00fcrden wir sofort herausbringen &#8230;<\/p>\n","protected":false},"excerpt":{"rendered":"<p>sei hiermit allen dieses Video eines &#8222;voll krass&#8220; beeindruckenden jungen Mannes anempfohlen. Kein Kevin, kein Sozialdemokrat. Gibts eigentlich Marx schon in einer sch\u00f6n kurzen, lesefreundlichen Jugendsprache-Ausgabe? Es w\u00e4re wohl dringend an der Zeit daf\u00fcr.\u00a0Autoren, die so etwas auf Lager haben &#8211; bitte dringend melden! W\u00fcrden wir sofort herausbringen &#8230;<\/p>\n","protected":false},"author":2,"featured_media":0,"comment_status":"open","ping_status":"open","sticky":false,"template":"","format":"video","meta":[],"categories":[50],"tags":[],"_links":{"self":[{"href":"http:\/\/www.edition-schwarzdruck.de\/index.php?rest_route=\/wp\/v2\/posts\/4581"}],"collection":[{"href":"http:\/\/www.edition-schwarzdruck.de\/index.php?rest_route=\/wp\/v2\/posts"}],"about":[{"href":"http:\/\/www.edition-schwarzdruck.de\/index.php?rest_route=\/wp\/v2\/types\/post"}],"author":[{"embeddable":true,"href":"http:\/\/www.edition-schwarzdruck.de\/index.php?rest_route=\/wp\/v2\/users\/2"}],"replies":[{"embeddable":true,"href":"http:\/\/www.edition-schwarzdruck.de\/index.php?rest_route=%2Fwp%2Fv2%2Fcomments&post=4581"}],"version-history":[{"count":3,"href":"http:\/\/www.edition-schwarzdruck.de\/index.php?rest_route=\/wp\/v2\/posts\/4581\/revisions"}],"predecessor-version":[{"id":4584,"href":"http:\/\/www.edition-schwarzdruck.de\/index.php?rest_route=\/wp\/v2\/posts\/4581\/revisions\/4584"}],"wp:attachment":[{"href":"http:\/\/www.edition-schwarzdruck.de\/index.php?rest_route=%2Fwp%2Fv2%2Fmedia&parent=4581"}],"wp:term":[{"taxonomy":"category","embeddable":true,"href":"http:\/\/www.edition-schwarzdruck.de\/index.php?rest_route=%2Fwp%2Fv2%2Fcategories&post=4581"},{"taxonomy":"post_tag","embeddable":true,"href":"http:\/\/www.edition-schwarzdruck.de\/index.php?rest_route=%2Fwp%2Fv2%2Ftags&post=4581"}],"curies":[{"name":"wp","href":"https:\/\/api.w.org\/{rel}","templated":true}]}}