{"id":4577,"date":"2019-05-17T12:48:48","date_gmt":"2019-05-17T10:48:48","guid":{"rendered":"http:\/\/www.edition-schwarzdruck.de\/?p=4577"},"modified":"2019-05-17T13:11:13","modified_gmt":"2019-05-17T11:11:13","slug":"unser-beitrag-zum-fontane-jahr","status":"publish","type":"post","link":"http:\/\/www.edition-schwarzdruck.de\/?p=4577","title":{"rendered":"Unser Beitrag zum Fontane-Jahr"},"content":{"rendered":"<p>ist nun auch fertig und preu\u00dfischblau mit Schwarz geradezu &#8222;in Stein gemei\u00dfelt&#8220;. Mehr ist dazu ja auch nicht zu sagen und deshalb wird&#8217;s aller Voraussicht nach die einzige Arbeit von Schwarzdruck zu diesem Thema bleiben. Dieser komische Marmorhintergrund der Postkarte war ein Angebot der Druckerei und wollte mal ausprobiert werden. Okay &#8211; man h\u00e4tte auch drauf verzichten k\u00f6nnen. Daf\u00fcr erf\u00fcllt die R\u00fcckseite alle Anspr\u00fcche an eine &#8222;interaktive&#8220; Postkarte: man kann das Werk ganz unkompliziert durch h\u00e4ndisches Ankreuzen von A (ausjewertet), B (benamst), C (famaktet) oder D (jelesn) eigenverantwortlich individualisieren!<br \/>\nAb jetzt im Webshop erh\u00e4ltlich.<\/p>\n","protected":false},"excerpt":{"rendered":"<p>ist nun auch fertig und preu\u00dfischblau mit Schwarz geradezu &#8222;in Stein gemei\u00dfelt&#8220;. Mehr ist dazu ja auch nicht zu sagen und deshalb wird&#8217;s aller Voraussicht nach die einzige Arbeit von Schwarzdruck zu diesem Thema bleiben. Dieser komische Marmorhintergrund der Postkarte war ein Angebot der Druckerei und wollte mal ausprobiert werden. Okay &#8211; man h\u00e4tte auch [&hellip;]<\/p>\n","protected":false},"author":2,"featured_media":0,"comment_status":"open","ping_status":"open","sticky":false,"template":"","format":"image","meta":[],"categories":[84],"tags":[179,180],"_links":{"self":[{"href":"http:\/\/www.edition-schwarzdruck.de\/index.php?rest_route=\/wp\/v2\/posts\/4577"}],"collection":[{"href":"http:\/\/www.edition-schwarzdruck.de\/index.php?rest_route=\/wp\/v2\/posts"}],"about":[{"href":"http:\/\/www.edition-schwarzdruck.de\/index.php?rest_route=\/wp\/v2\/types\/post"}],"author":[{"embeddable":true,"href":"http:\/\/www.edition-schwarzdruck.de\/index.php?rest_route=\/wp\/v2\/users\/2"}],"replies":[{"embeddable":true,"href":"http:\/\/www.edition-schwarzdruck.de\/index.php?rest_route=%2Fwp%2Fv2%2Fcomments&post=4577"}],"version-history":[{"count":2,"href":"http:\/\/www.edition-schwarzdruck.de\/index.php?rest_route=\/wp\/v2\/posts\/4577\/revisions"}],"predecessor-version":[{"id":4579,"href":"http:\/\/www.edition-schwarzdruck.de\/index.php?rest_route=\/wp\/v2\/posts\/4577\/revisions\/4579"}],"wp:attachment":[{"href":"http:\/\/www.edition-schwarzdruck.de\/index.php?rest_route=%2Fwp%2Fv2%2Fmedia&parent=4577"}],"wp:term":[{"taxonomy":"category","embeddable":true,"href":"http:\/\/www.edition-schwarzdruck.de\/index.php?rest_route=%2Fwp%2Fv2%2Fcategories&post=4577"},{"taxonomy":"post_tag","embeddable":true,"href":"http:\/\/www.edition-schwarzdruck.de\/index.php?rest_route=%2Fwp%2Fv2%2Ftags&post=4577"}],"curies":[{"name":"wp","href":"https:\/\/api.w.org\/{rel}","templated":true}]}}