{"id":4567,"date":"2019-05-14T15:55:49","date_gmt":"2019-05-14T13:55:49","guid":{"rendered":"http:\/\/www.edition-schwarzdruck.de\/?p=4567"},"modified":"2019-05-14T15:55:49","modified_gmt":"2019-05-14T13:55:49","slug":"suedlich-von-kopenhagen","status":"publish","type":"post","link":"http:\/\/www.edition-schwarzdruck.de\/?p=4567","title":{"rendered":"S\u00fcdlich von Kopenhagen"},"content":{"rendered":"<p>Die \u201eReverenzen\u201c sind abgeh\u00e4ngt &#8211; wer sie verpasst hat, hat im August\/September nochmal eine Chance, sie in Berlin in der Ladengalerie der \u201eJungen Welt\u201c in der Torstra\u00dfe zu sehen.<\/p>\n<div>Die n\u00e4chste Ausstellung in der Eremitage haben wir gestern aufgebaut und sie ist sehr sch\u00f6n geworden. Es handelt sich dabei um Arbeiten von Ralf Hentrich. Ralf ist im vorigen Jahr unerwartet und viel zu fr\u00fch gestorben. Er war nicht nur ein guter Freund der Eremitage, sondern auch der wahrscheinlich am meisten ausgezeichnete K\u00fcnstler aus unserer Gegend (u.a. Brandenburgischer Kunstpreistr\u00e4ger).<\/div>\n<div>Aus diesem traurigen Anlass war es uns ein herzliches Bed\u00fcrfnis, nochmal an ihn mit einer Ausstellung zu erinnern. Denselben Gedanken hatte die Klostergalerie in Zehdenick auch und deshalb gibt es nun eine Ausstellung namens &#8222;S\u00fcdlich von Kopenhagen&#8220; an zwei Orten. In Zehdenick werden vorwiegend Ralfs Radierungen gezeigt, f\u00fcr die er ja auch sehr bekannt wurde. In Gransee sind seine nicht so bekannten Holzschnitte zu sehen.<\/div>\n<div><\/div>\n<div>Die Er\u00f6ffnung findet aber nat\u00fcrlich nur an einem Ort statt: in der deutlich gr\u00f6\u00dferen Galerie in Zehdenick. Sie sind hiermit freundlichst dazu eingeladen. Am 19. Mai, dem n\u00e4chsten Sonntag (nicht Sonnabend wie sonst bei uns \u00fcblich!), um 16 Uhr in der Klostergalerie in Zehdenick.<\/div>\n<div><\/div>\n<div>Wer aber auch die Holzschnitte in der Eremitage an diesem Tag sehen m\u00f6chte: Wir sind bis 16 Uhr und dann wieder ab etwa 17 Uhr hier und freuen uns auch \u00fcber interessierte Besucher. Nur zur eigentlichen Er\u00f6ffnung sperren wir hier mal f\u00fcr eine Stunde zu. Ansonsten ist die Ausstellung in der Eremitage zu unseren \u00fcblichen Zeiten ge\u00f6ffnet. Wir k\u00f6nnen nat\u00fcrlich nicht die Zehdenicker \u00d6ffnungszeiten \u00fcbernehmen \u2026<\/div>\n<div><\/div>\n<div>Da wir schon nicht die Er\u00f6ffnung machen, veranstalten wir eine Finissage am 6. Juli um 16 Uhr, wozu Sie nat\u00fcrlich auch herzlich eingeladen sind.<\/div>\n<div>Anschlie\u00dfend macht die Eremitage eine kleine Sommerpause und startet in die \u201eHerbstsaison\u201c am 10. August.<\/div>\n<div><\/div>\n<div>Sch\u00f6ne Gr\u00fc\u00dfe aus der sehenswerten Provinz!<\/div>\n<div><\/div>\n","protected":false},"excerpt":{"rendered":"<p>Die \u201eReverenzen\u201c sind abgeh\u00e4ngt &#8211; wer sie verpasst hat, hat im August\/September nochmal eine Chance, sie in Berlin in der Ladengalerie der \u201eJungen Welt\u201c in der Torstra\u00dfe zu sehen. Die n\u00e4chste Ausstellung in der Eremitage haben wir gestern aufgebaut und sie ist sehr sch\u00f6n geworden. Es handelt sich dabei um Arbeiten von Ralf Hentrich. Ralf [&hellip;]<\/p>\n","protected":false},"author":2,"featured_media":0,"comment_status":"open","ping_status":"open","sticky":false,"template":"","format":"image","meta":[],"categories":[115],"tags":[112,140,177,176],"_links":{"self":[{"href":"http:\/\/www.edition-schwarzdruck.de\/index.php?rest_route=\/wp\/v2\/posts\/4567"}],"collection":[{"href":"http:\/\/www.edition-schwarzdruck.de\/index.php?rest_route=\/wp\/v2\/posts"}],"about":[{"href":"http:\/\/www.edition-schwarzdruck.de\/index.php?rest_route=\/wp\/v2\/types\/post"}],"author":[{"embeddable":true,"href":"http:\/\/www.edition-schwarzdruck.de\/index.php?rest_route=\/wp\/v2\/users\/2"}],"replies":[{"embeddable":true,"href":"http:\/\/www.edition-schwarzdruck.de\/index.php?rest_route=%2Fwp%2Fv2%2Fcomments&post=4567"}],"version-history":[{"count":2,"href":"http:\/\/www.edition-schwarzdruck.de\/index.php?rest_route=\/wp\/v2\/posts\/4567\/revisions"}],"predecessor-version":[{"id":4569,"href":"http:\/\/www.edition-schwarzdruck.de\/index.php?rest_route=\/wp\/v2\/posts\/4567\/revisions\/4569"}],"wp:attachment":[{"href":"http:\/\/www.edition-schwarzdruck.de\/index.php?rest_route=%2Fwp%2Fv2%2Fmedia&parent=4567"}],"wp:term":[{"taxonomy":"category","embeddable":true,"href":"http:\/\/www.edition-schwarzdruck.de\/index.php?rest_route=%2Fwp%2Fv2%2Fcategories&post=4567"},{"taxonomy":"post_tag","embeddable":true,"href":"http:\/\/www.edition-schwarzdruck.de\/index.php?rest_route=%2Fwp%2Fv2%2Ftags&post=4567"}],"curies":[{"name":"wp","href":"https:\/\/api.w.org\/{rel}","templated":true}]}}