{"id":4547,"date":"2019-05-02T22:15:04","date_gmt":"2019-05-02T20:15:04","guid":{"rendered":"http:\/\/www.edition-schwarzdruck.de\/?p=4547"},"modified":"2019-05-02T22:17:36","modified_gmt":"2019-05-02T20:17:36","slug":"so-jetzt-langsam","status":"publish","type":"post","link":"http:\/\/www.edition-schwarzdruck.de\/?p=4547","title":{"rendered":"So, jetzt langsam"},"content":{"rendered":"<p>wieder runterkommen. Der 1. Mai ist vorbei. Ja, der Kevin hat von Sozialismus geredet. Und vom Abschaffen des Kapitalismus. Bildzeitung, staatstragende Medien, Volk, etablierte Parteien von AfD bis SPD verfallen in Schnappatmung und wittern die Wiedereinf\u00fchrung der DDR mit Untergang des Abendlandes &#8230;<br \/>\nBeruhigt Euch mal wieder: der Kevin ist Sozialdemokrat. Die reden manchmal so Zeugs. Selten zwar, aber es kommt offenbar gelegentlich noch immer vor. Gerade der 1. Mai ist diesbez\u00fcglich ein kritischer Tag f\u00fcr sie. Da wurden fr\u00fcher nicht nur W\u00fcrstchen gegrillt.<br \/>\nVor ein oder zwei Jahren hat der Oberarbeitervertreter vom DGB in seiner 1.Mai-Rede sogar \u00f6ffentlich behauptet, den Kapitalismus gez\u00e4hmt zu haben. Und weil keiner gelacht hat (oder weil es keiner gemerkt hat?), wird jetzt eben nur noch gefeiert.<br \/>\nAuch der Kevin meint es gar nicht so. Deutsche Sozialdemokraten haben so etwas noch nie ernst gemeint. Wenn wirklich linke Gefahr drohte, haben sie immer die &#8222;Freiheit&#8220; gerettet. Seit \u00fcber 150 Jahren treu f\u00fcr Kaiser, Reich oder wenigstens Vaterland. Betrachtet Kevins Interview als einen Test. Ob die Reflexe noch funktionieren. Bestanden: sie funktionieren ganz hervorragend. Unsere &#8222;soziale Marktwirtschaft&#8220; ist gar kein Kapitalismus. Und: Sozialismus welcher Art auch immer ist grunds\u00e4tzlich Schei\u00dfe. Das ist in Stein gemei\u00dfelt und bedarf gar keiner Erkl\u00e4rungen oder gar Zweifel mehr. Wenn das solche Geistesgr\u00f6\u00dfen wie Dr. Scheuer und Kahrs sagen, dann ist das nat\u00fcrlich so. Basta.<br \/>\nAlso macht jetzt den Kevin nicht so fertig. Der will ja auch noch was werden und kann nix anderes. Und so viel Personal hat die SPD ja nun wirklich nicht. Deren F\u00fchrung sollte mal die Parteiprogramme durchforsten und die dort \u00fcbersehenen b\u00f6sen W\u00f6rter nun endlich streichen. Sonst liest das wom\u00f6glich doch mal wieder einer und plappert dann wieder solch Zeug im unpassenden Moment.<\/p>\n<p>Und nochmal zum Mitschreiben: Arbeiter! Die SPD will Euch nicht Eure Villen und schon gar nicht die BMWs wegnehmen.<\/p>\n","protected":false},"excerpt":{"rendered":"<p>wieder runterkommen. Der 1. Mai ist vorbei. Ja, der Kevin hat von Sozialismus geredet. Und vom Abschaffen des Kapitalismus. Bildzeitung, staatstragende Medien, Volk, etablierte Parteien von AfD bis SPD verfallen in Schnappatmung und wittern die Wiedereinf\u00fchrung der DDR mit Untergang des Abendlandes &#8230; Beruhigt Euch mal wieder: der Kevin ist Sozialdemokrat. Die reden manchmal so [&hellip;]<\/p>\n","protected":false},"author":2,"featured_media":0,"comment_status":"open","ping_status":"open","sticky":false,"template":"","format":"standard","meta":[],"categories":[50],"tags":[],"_links":{"self":[{"href":"http:\/\/www.edition-schwarzdruck.de\/index.php?rest_route=\/wp\/v2\/posts\/4547"}],"collection":[{"href":"http:\/\/www.edition-schwarzdruck.de\/index.php?rest_route=\/wp\/v2\/posts"}],"about":[{"href":"http:\/\/www.edition-schwarzdruck.de\/index.php?rest_route=\/wp\/v2\/types\/post"}],"author":[{"embeddable":true,"href":"http:\/\/www.edition-schwarzdruck.de\/index.php?rest_route=\/wp\/v2\/users\/2"}],"replies":[{"embeddable":true,"href":"http:\/\/www.edition-schwarzdruck.de\/index.php?rest_route=%2Fwp%2Fv2%2Fcomments&post=4547"}],"version-history":[{"count":2,"href":"http:\/\/www.edition-schwarzdruck.de\/index.php?rest_route=\/wp\/v2\/posts\/4547\/revisions"}],"predecessor-version":[{"id":4549,"href":"http:\/\/www.edition-schwarzdruck.de\/index.php?rest_route=\/wp\/v2\/posts\/4547\/revisions\/4549"}],"wp:attachment":[{"href":"http:\/\/www.edition-schwarzdruck.de\/index.php?rest_route=%2Fwp%2Fv2%2Fmedia&parent=4547"}],"wp:term":[{"taxonomy":"category","embeddable":true,"href":"http:\/\/www.edition-schwarzdruck.de\/index.php?rest_route=%2Fwp%2Fv2%2Fcategories&post=4547"},{"taxonomy":"post_tag","embeddable":true,"href":"http:\/\/www.edition-schwarzdruck.de\/index.php?rest_route=%2Fwp%2Fv2%2Ftags&post=4547"}],"curies":[{"name":"wp","href":"https:\/\/api.w.org\/{rel}","templated":true}]}}