{"id":4536,"date":"2019-04-19T17:47:03","date_gmt":"2019-04-19T15:47:03","guid":{"rendered":"http:\/\/www.edition-schwarzdruck.de\/?p=4536"},"modified":"2019-04-19T17:59:05","modified_gmt":"2019-04-19T15:59:05","slug":"der-karfreitag","status":"publish","type":"post","link":"http:\/\/www.edition-schwarzdruck.de\/?p=4536","title":{"rendered":"Der Karfreitag"},"content":{"rendered":"<p>ist ja ein sogenannter &#8222;stiller Feiertag&#8220;, an dem die Kirche kraft ihrer Lobbyarbeit vielerorts Tanzveranstaltungen und erstaunlicherweise sogar Fu\u00dfballspiele verhindert. Dann wollen auch wir die Gef\u00fchle religi\u00f6s Verblendeter nicht verletzen und erheben deshalb ein ganz stilles St\u00fcck zum heutigen Schlager der Woche. Die Jazzg\u00f6ttin Billie Holiday mit einer handverlesenen Band in einer sagenhaften Aufnahme. Obwohl sie zu der Zeit schon ziemlich gebeutelt vom Leben war, schwingt sie sich nochmal zu ganz Gro\u00dfem auf. Und es sieht bei allen Beteiligten so einfach aus &#8230; sie spielen eben im wahrsten Sinne des Wortes. Miteinander! Ein Gl\u00fccksfall, dass es davon sogar Filmaufnahmen gibt. Die Audioaufnahme gab es \u00fcbrigens auch in der DDR (auf einer bzw. &#8222;der&#8220; tschechischen Billie-Holiday-Platte) und wird vom Schwarzdrucker nun schon seit \u00fcber drei\u00dfig Jahren geliebt. Frohe und vor allem ruhige Ostern!<\/p>\n","protected":false},"excerpt":{"rendered":"<p>ist ja ein sogenannter &#8222;stiller Feiertag&#8220;, an dem die Kirche kraft ihrer Lobbyarbeit vielerorts Tanzveranstaltungen und erstaunlicherweise sogar Fu\u00dfballspiele verhindert. Dann wollen auch wir die Gef\u00fchle religi\u00f6s Verblendeter nicht verletzen und erheben deshalb ein ganz stilles St\u00fcck zum heutigen Schlager der Woche. Die Jazzg\u00f6ttin Billie Holiday mit einer handverlesenen Band in einer sagenhaften Aufnahme. Obwohl [&hellip;]<\/p>\n","protected":false},"author":2,"featured_media":0,"comment_status":"open","ping_status":"open","sticky":false,"template":"","format":"video","meta":[],"categories":[68],"tags":[141],"_links":{"self":[{"href":"http:\/\/www.edition-schwarzdruck.de\/index.php?rest_route=\/wp\/v2\/posts\/4536"}],"collection":[{"href":"http:\/\/www.edition-schwarzdruck.de\/index.php?rest_route=\/wp\/v2\/posts"}],"about":[{"href":"http:\/\/www.edition-schwarzdruck.de\/index.php?rest_route=\/wp\/v2\/types\/post"}],"author":[{"embeddable":true,"href":"http:\/\/www.edition-schwarzdruck.de\/index.php?rest_route=\/wp\/v2\/users\/2"}],"replies":[{"embeddable":true,"href":"http:\/\/www.edition-schwarzdruck.de\/index.php?rest_route=%2Fwp%2Fv2%2Fcomments&post=4536"}],"version-history":[{"count":3,"href":"http:\/\/www.edition-schwarzdruck.de\/index.php?rest_route=\/wp\/v2\/posts\/4536\/revisions"}],"predecessor-version":[{"id":4539,"href":"http:\/\/www.edition-schwarzdruck.de\/index.php?rest_route=\/wp\/v2\/posts\/4536\/revisions\/4539"}],"wp:attachment":[{"href":"http:\/\/www.edition-schwarzdruck.de\/index.php?rest_route=%2Fwp%2Fv2%2Fmedia&parent=4536"}],"wp:term":[{"taxonomy":"category","embeddable":true,"href":"http:\/\/www.edition-schwarzdruck.de\/index.php?rest_route=%2Fwp%2Fv2%2Fcategories&post=4536"},{"taxonomy":"post_tag","embeddable":true,"href":"http:\/\/www.edition-schwarzdruck.de\/index.php?rest_route=%2Fwp%2Fv2%2Ftags&post=4536"}],"curies":[{"name":"wp","href":"https:\/\/api.w.org\/{rel}","templated":true}]}}