{"id":4528,"date":"2019-04-12T13:16:22","date_gmt":"2019-04-12T11:16:22","guid":{"rendered":"http:\/\/www.edition-schwarzdruck.de\/?p=4528"},"modified":"2019-04-12T13:17:23","modified_gmt":"2019-04-12T11:17:23","slug":"schoen-war-es","status":"publish","type":"post","link":"http:\/\/www.edition-schwarzdruck.de\/?p=4528","title":{"rendered":"Sch\u00f6n war es."},"content":{"rendered":"<p>Gut besucht wars. Und der Kuchen war auch ganz schnell alle. Was will man mehr? Ein paar Bilder von der Er\u00f6ffnung der &#8222;Reverenzen&#8220; (gro\u00dfes Danke daf\u00fcr an Abel D\u00f6ring!) am letzten Sonnabend. Zu sehen bis zum 12. Mai in der Eremitage &#8230;<\/p>\n<p><a href=\"http:\/\/www.edition-schwarzdruck.de\/wp-content\/uploads\/2014\/04\/web-reverenzen-eremitage-54.jpg\"><img decoding=\"async\" loading=\"lazy\" class=\"alignnone size-medium wp-image-4522\" src=\"http:\/\/www.edition-schwarzdruck.de\/wp-content\/uploads\/2014\/04\/web-reverenzen-eremitage-54-300x176.jpg\" alt=\"\" width=\"300\" height=\"176\" srcset=\"http:\/\/www.edition-schwarzdruck.de\/wp-content\/uploads\/2014\/04\/web-reverenzen-eremitage-54-300x176.jpg 300w, http:\/\/www.edition-schwarzdruck.de\/wp-content\/uploads\/2014\/04\/web-reverenzen-eremitage-54-768x451.jpg 768w, http:\/\/www.edition-schwarzdruck.de\/wp-content\/uploads\/2014\/04\/web-reverenzen-eremitage-54.jpg 800w\" sizes=\"(max-width: 300px) 100vw, 300px\" \/><\/a><a href=\"http:\/\/www.edition-schwarzdruck.de\/wp-content\/uploads\/2014\/04\/web-reverenzen-eremitage-57.jpg\"><img decoding=\"async\" loading=\"lazy\" class=\"alignnone size-medium wp-image-4523\" src=\"http:\/\/www.edition-schwarzdruck.de\/wp-content\/uploads\/2014\/04\/web-reverenzen-eremitage-57-300x172.jpg\" alt=\"\" width=\"300\" height=\"172\" srcset=\"http:\/\/www.edition-schwarzdruck.de\/wp-content\/uploads\/2014\/04\/web-reverenzen-eremitage-57-300x172.jpg 300w, http:\/\/www.edition-schwarzdruck.de\/wp-content\/uploads\/2014\/04\/web-reverenzen-eremitage-57-768x441.jpg 768w, http:\/\/www.edition-schwarzdruck.de\/wp-content\/uploads\/2014\/04\/web-reverenzen-eremitage-57.jpg 800w\" sizes=\"(max-width: 300px) 100vw, 300px\" \/><\/a> <a href=\"http:\/\/www.edition-schwarzdruck.de\/wp-content\/uploads\/2014\/04\/web-reverenzen-eremitage-58.jpg\"><img decoding=\"async\" loading=\"lazy\" class=\"alignnone size-medium wp-image-4524\" src=\"http:\/\/www.edition-schwarzdruck.de\/wp-content\/uploads\/2014\/04\/web-reverenzen-eremitage-58-300x172.jpg\" alt=\"\" width=\"300\" height=\"172\" srcset=\"http:\/\/www.edition-schwarzdruck.de\/wp-content\/uploads\/2014\/04\/web-reverenzen-eremitage-58-300x172.jpg 300w, http:\/\/www.edition-schwarzdruck.de\/wp-content\/uploads\/2014\/04\/web-reverenzen-eremitage-58-768x440.jpg 768w, http:\/\/www.edition-schwarzdruck.de\/wp-content\/uploads\/2014\/04\/web-reverenzen-eremitage-58.jpg 800w\" sizes=\"(max-width: 300px) 100vw, 300px\" \/><\/a> <a href=\"http:\/\/www.edition-schwarzdruck.de\/wp-content\/uploads\/2014\/04\/web-reverenzen-eremitage-60.jpg\"><img decoding=\"async\" loading=\"lazy\" class=\"alignnone size-medium wp-image-4525\" src=\"http:\/\/www.edition-schwarzdruck.de\/wp-content\/uploads\/2014\/04\/web-reverenzen-eremitage-60-300x170.jpg\" alt=\"\" width=\"300\" height=\"170\" srcset=\"http:\/\/www.edition-schwarzdruck.de\/wp-content\/uploads\/2014\/04\/web-reverenzen-eremitage-60-300x170.jpg 300w, http:\/\/www.edition-schwarzdruck.de\/wp-content\/uploads\/2014\/04\/web-reverenzen-eremitage-60-768x434.jpg 768w, http:\/\/www.edition-schwarzdruck.de\/wp-content\/uploads\/2014\/04\/web-reverenzen-eremitage-60.jpg 800w\" sizes=\"(max-width: 300px) 100vw, 300px\" \/><\/a> <a href=\"http:\/\/www.edition-schwarzdruck.de\/wp-content\/uploads\/2014\/04\/web-reverenzen-eremitage-61.jpg\"><img decoding=\"async\" loading=\"lazy\" class=\"alignnone size-medium wp-image-4526\" src=\"http:\/\/www.edition-schwarzdruck.de\/wp-content\/uploads\/2014\/04\/web-reverenzen-eremitage-61-300x181.jpg\" alt=\"\" width=\"300\" height=\"181\" srcset=\"http:\/\/www.edition-schwarzdruck.de\/wp-content\/uploads\/2014\/04\/web-reverenzen-eremitage-61-300x181.jpg 300w, http:\/\/www.edition-schwarzdruck.de\/wp-content\/uploads\/2014\/04\/web-reverenzen-eremitage-61-768x463.jpg 768w, http:\/\/www.edition-schwarzdruck.de\/wp-content\/uploads\/2014\/04\/web-reverenzen-eremitage-61.jpg 800w\" sizes=\"(max-width: 300px) 100vw, 300px\" \/><\/a> <a href=\"http:\/\/www.edition-schwarzdruck.de\/wp-content\/uploads\/2014\/04\/web-reverenzen-eremitage-66.jpg\"><img decoding=\"async\" loading=\"lazy\" class=\"alignnone size-medium wp-image-4527\" src=\"http:\/\/www.edition-schwarzdruck.de\/wp-content\/uploads\/2014\/04\/web-reverenzen-eremitage-66-300x171.jpg\" alt=\"\" width=\"300\" height=\"171\" srcset=\"http:\/\/www.edition-schwarzdruck.de\/wp-content\/uploads\/2014\/04\/web-reverenzen-eremitage-66-300x171.jpg 300w, http:\/\/www.edition-schwarzdruck.de\/wp-content\/uploads\/2014\/04\/web-reverenzen-eremitage-66-768x437.jpg 768w, http:\/\/www.edition-schwarzdruck.de\/wp-content\/uploads\/2014\/04\/web-reverenzen-eremitage-66.jpg 800w\" sizes=\"(max-width: 300px) 100vw, 300px\" \/><\/a><\/p>\n","protected":false},"excerpt":{"rendered":"<p>Gut besucht wars. Und der Kuchen war auch ganz schnell alle. Was will man mehr? Ein paar Bilder von der Er\u00f6ffnung der &#8222;Reverenzen&#8220; (gro\u00dfes Danke daf\u00fcr an Abel D\u00f6ring!) am letzten Sonnabend. Zu sehen bis zum 12. Mai in der Eremitage &#8230;<\/p>\n","protected":false},"author":2,"featured_media":0,"comment_status":"open","ping_status":"open","sticky":false,"template":"","format":"standard","meta":[],"categories":[115],"tags":[140,171,172,170,169],"_links":{"self":[{"href":"http:\/\/www.edition-schwarzdruck.de\/index.php?rest_route=\/wp\/v2\/posts\/4528"}],"collection":[{"href":"http:\/\/www.edition-schwarzdruck.de\/index.php?rest_route=\/wp\/v2\/posts"}],"about":[{"href":"http:\/\/www.edition-schwarzdruck.de\/index.php?rest_route=\/wp\/v2\/types\/post"}],"author":[{"embeddable":true,"href":"http:\/\/www.edition-schwarzdruck.de\/index.php?rest_route=\/wp\/v2\/users\/2"}],"replies":[{"embeddable":true,"href":"http:\/\/www.edition-schwarzdruck.de\/index.php?rest_route=%2Fwp%2Fv2%2Fcomments&post=4528"}],"version-history":[{"count":4,"href":"http:\/\/www.edition-schwarzdruck.de\/index.php?rest_route=\/wp\/v2\/posts\/4528\/revisions"}],"predecessor-version":[{"id":4532,"href":"http:\/\/www.edition-schwarzdruck.de\/index.php?rest_route=\/wp\/v2\/posts\/4528\/revisions\/4532"}],"wp:attachment":[{"href":"http:\/\/www.edition-schwarzdruck.de\/index.php?rest_route=%2Fwp%2Fv2%2Fmedia&parent=4528"}],"wp:term":[{"taxonomy":"category","embeddable":true,"href":"http:\/\/www.edition-schwarzdruck.de\/index.php?rest_route=%2Fwp%2Fv2%2Fcategories&post=4528"},{"taxonomy":"post_tag","embeddable":true,"href":"http:\/\/www.edition-schwarzdruck.de\/index.php?rest_route=%2Fwp%2Fv2%2Ftags&post=4528"}],"curies":[{"name":"wp","href":"https:\/\/api.w.org\/{rel}","templated":true}]}}