{"id":4518,"date":"2019-04-05T21:43:56","date_gmt":"2019-04-05T19:43:56","guid":{"rendered":"http:\/\/www.edition-schwarzdruck.de\/?p=4518"},"modified":"2019-04-05T21:43:56","modified_gmt":"2019-04-05T19:43:56","slug":"gewisse-parallelen","status":"publish","type":"post","link":"http:\/\/www.edition-schwarzdruck.de\/?p=4518","title":{"rendered":"Gewisse Parallelen"},"content":{"rendered":"<p>zwischen diesem musikalischen Highlight und der Ausstellung (Er\u00f6ffnung morgen) in der Eremitage Gransee gibt es erstaunlicherweise schon. Beides sind Familienunternehmen (die Mutter steht am Ba\u00df bzw. hat den Kuchen gebacken und der Vater liefert den musikalischen bzw. grafischen &#8222;Input&#8220;). Beide &#8222;covern&#8220; bzw. &#8222;hommagieren&#8220;.<br \/>\nSo musste also folgerichtig diese fantastische Version von &#8222;Going up the country&#8220; zum Schlager der Woche werden. Das Original von Canned Head mit dem l\u00e4ngst verstorbenen S\u00e4nger der Urbesetzung war ja auch nicht schlecht und eines der wenigen popmusikalischen Werke, in denen eine Fl\u00f6te eine h\u00f6renswerte Rolle spielt. Aber die M\u00e4dels und der Knabe dieser Familiencombo haben dem St\u00fcck mit einem ungeahnten Drive einen zweiten Fr\u00fchling verliehen, wie er nur selten vorkommt.<\/p>\n<p>Und nicht vergessen: Morgen gehts aufs Land, Kunst gucken.<\/p>\n","protected":false},"excerpt":{"rendered":"<p>zwischen diesem musikalischen Highlight und der Ausstellung (Er\u00f6ffnung morgen) in der Eremitage Gransee gibt es erstaunlicherweise schon. Beides sind Familienunternehmen (die Mutter steht am Ba\u00df bzw. hat den Kuchen gebacken und der Vater liefert den musikalischen bzw. grafischen &#8222;Input&#8220;). Beide &#8222;covern&#8220; bzw. &#8222;hommagieren&#8220;. So musste also folgerichtig diese fantastische Version von &#8222;Going up the country&#8220; [&hellip;]<\/p>\n","protected":false},"author":2,"featured_media":0,"comment_status":"open","ping_status":"open","sticky":false,"template":"","format":"video","meta":[],"categories":[68],"tags":[168,65,141],"_links":{"self":[{"href":"http:\/\/www.edition-schwarzdruck.de\/index.php?rest_route=\/wp\/v2\/posts\/4518"}],"collection":[{"href":"http:\/\/www.edition-schwarzdruck.de\/index.php?rest_route=\/wp\/v2\/posts"}],"about":[{"href":"http:\/\/www.edition-schwarzdruck.de\/index.php?rest_route=\/wp\/v2\/types\/post"}],"author":[{"embeddable":true,"href":"http:\/\/www.edition-schwarzdruck.de\/index.php?rest_route=\/wp\/v2\/users\/2"}],"replies":[{"embeddable":true,"href":"http:\/\/www.edition-schwarzdruck.de\/index.php?rest_route=%2Fwp%2Fv2%2Fcomments&post=4518"}],"version-history":[{"count":2,"href":"http:\/\/www.edition-schwarzdruck.de\/index.php?rest_route=\/wp\/v2\/posts\/4518\/revisions"}],"predecessor-version":[{"id":4520,"href":"http:\/\/www.edition-schwarzdruck.de\/index.php?rest_route=\/wp\/v2\/posts\/4518\/revisions\/4520"}],"wp:attachment":[{"href":"http:\/\/www.edition-schwarzdruck.de\/index.php?rest_route=%2Fwp%2Fv2%2Fmedia&parent=4518"}],"wp:term":[{"taxonomy":"category","embeddable":true,"href":"http:\/\/www.edition-schwarzdruck.de\/index.php?rest_route=%2Fwp%2Fv2%2Fcategories&post=4518"},{"taxonomy":"post_tag","embeddable":true,"href":"http:\/\/www.edition-schwarzdruck.de\/index.php?rest_route=%2Fwp%2Fv2%2Ftags&post=4518"}],"curies":[{"name":"wp","href":"https:\/\/api.w.org\/{rel}","templated":true}]}}