{"id":4505,"date":"2019-03-31T18:10:02","date_gmt":"2019-03-31T16:10:02","guid":{"rendered":"http:\/\/www.edition-schwarzdruck.de\/?p=4505"},"modified":"2019-03-31T18:11:14","modified_gmt":"2019-03-31T16:11:14","slug":"eine-ganz-private-reise","status":"publish","type":"post","link":"http:\/\/www.edition-schwarzdruck.de\/?p=4505","title":{"rendered":"Eine ganz private Reise"},"content":{"rendered":"<p>durch die Kunstgeschichte ist zu sehen. In der Eremitage Gransee wird am Sonnabend, dem 6. April un 16 Uhr, die Ausstellung &#8222;Reverenzen&#8220; von Roland R. Berger er\u00f6ffnet. Der K\u00fcnstler selbst wird seine Werke &#8211; zumeist in Linoleum oder Holz geschnittene Hommagen an ihm wichtige K\u00fcnstler von D\u00fcrer \u00fcber Picasso bis hin zu Mattheuer &#8211; erl\u00e4utern. Es sollte also ein sehr spannender Nachmittag werden. F\u00fcr Kaffee und Kuchen ist in bew\u00e4hrter Weise gesorgt. Das Publikum muss einfach nur noch erscheinen &#8230;<\/p>\n<p>Zu sehen ist die Ausstellung dann noch bis zum 12. Mai zu den in der Eremitage \u00fcblichen \u00d6ffnungszeiten.<\/p>\n","protected":false},"excerpt":{"rendered":"<p>durch die Kunstgeschichte ist zu sehen. In der Eremitage Gransee wird am Sonnabend, dem 6. April un 16 Uhr, die Ausstellung &#8222;Reverenzen&#8220; von Roland R. Berger er\u00f6ffnet. Der K\u00fcnstler selbst wird seine Werke &#8211; zumeist in Linoleum oder Holz geschnittene Hommagen an ihm wichtige K\u00fcnstler von D\u00fcrer \u00fcber Picasso bis hin zu Mattheuer &#8211; erl\u00e4utern. [&hellip;]<\/p>\n","protected":false},"author":2,"featured_media":0,"comment_status":"open","ping_status":"open","sticky":false,"template":"","format":"image","meta":[],"categories":[115],"tags":[],"_links":{"self":[{"href":"http:\/\/www.edition-schwarzdruck.de\/index.php?rest_route=\/wp\/v2\/posts\/4505"}],"collection":[{"href":"http:\/\/www.edition-schwarzdruck.de\/index.php?rest_route=\/wp\/v2\/posts"}],"about":[{"href":"http:\/\/www.edition-schwarzdruck.de\/index.php?rest_route=\/wp\/v2\/types\/post"}],"author":[{"embeddable":true,"href":"http:\/\/www.edition-schwarzdruck.de\/index.php?rest_route=\/wp\/v2\/users\/2"}],"replies":[{"embeddable":true,"href":"http:\/\/www.edition-schwarzdruck.de\/index.php?rest_route=%2Fwp%2Fv2%2Fcomments&post=4505"}],"version-history":[{"count":5,"href":"http:\/\/www.edition-schwarzdruck.de\/index.php?rest_route=\/wp\/v2\/posts\/4505\/revisions"}],"predecessor-version":[{"id":4511,"href":"http:\/\/www.edition-schwarzdruck.de\/index.php?rest_route=\/wp\/v2\/posts\/4505\/revisions\/4511"}],"wp:attachment":[{"href":"http:\/\/www.edition-schwarzdruck.de\/index.php?rest_route=%2Fwp%2Fv2%2Fmedia&parent=4505"}],"wp:term":[{"taxonomy":"category","embeddable":true,"href":"http:\/\/www.edition-schwarzdruck.de\/index.php?rest_route=%2Fwp%2Fv2%2Fcategories&post=4505"},{"taxonomy":"post_tag","embeddable":true,"href":"http:\/\/www.edition-schwarzdruck.de\/index.php?rest_route=%2Fwp%2Fv2%2Ftags&post=4505"}],"curies":[{"name":"wp","href":"https:\/\/api.w.org\/{rel}","templated":true}]}}