{"id":4499,"date":"2019-03-22T22:14:58","date_gmt":"2019-03-22T20:14:58","guid":{"rendered":"http:\/\/www.edition-schwarzdruck.de\/?p=4499"},"modified":"2019-03-22T22:14:58","modified_gmt":"2019-03-22T20:14:58","slug":"mit-einem-roland","status":"publish","type":"post","link":"http:\/\/www.edition-schwarzdruck.de\/?p=4499","title":{"rendered":"Mit einem Roland"},"content":{"rendered":"<p>heute den halben Tag im Auto gesessen und wahrscheinlich so darauf gekommen, wieder mal diesen Song zu h\u00f6ren. Der klingt in jeder Fassung gut &#8230;<\/p>\n<p>Ungew\u00f6hnlich daran ist, dass s\u00e4mtliche Fassungen &#8211; zumindest die der Schwarzdrucker bisher geh\u00f6rt hat &#8211; vom Urheber des Originals stammen. Anscheinend ist es dem Herrn mit seiner Band <em>Get Well Soon<\/em> zu langweilig, jedes mal das Gleiche zu intonieren. Also schwirren allein im Netz mindestens drei verschiedene Versionen von <em>Roland I feel you<\/em> herum. Dies ist eine sehr sch\u00f6ne Stra\u00dfenmusikvariante. Aber so richtig entscheiden, welche denn nun die Sch\u00f6nste ist, f\u00e4llt ziemlich schwer und ist dann doch wohl von der Tagesform abh\u00e4ngig.<\/p>\n","protected":false},"excerpt":{"rendered":"<p>heute den halben Tag im Auto gesessen und wahrscheinlich so darauf gekommen, wieder mal diesen Song zu h\u00f6ren. Der klingt in jeder Fassung gut &#8230; Ungew\u00f6hnlich daran ist, dass s\u00e4mtliche Fassungen &#8211; zumindest die der Schwarzdrucker bisher geh\u00f6rt hat &#8211; vom Urheber des Originals stammen. Anscheinend ist es dem Herrn mit seiner Band Get Well [&hellip;]<\/p>\n","protected":false},"author":2,"featured_media":0,"comment_status":"open","ping_status":"open","sticky":false,"template":"","format":"video","meta":[],"categories":[68],"tags":[165,65,141],"_links":{"self":[{"href":"http:\/\/www.edition-schwarzdruck.de\/index.php?rest_route=\/wp\/v2\/posts\/4499"}],"collection":[{"href":"http:\/\/www.edition-schwarzdruck.de\/index.php?rest_route=\/wp\/v2\/posts"}],"about":[{"href":"http:\/\/www.edition-schwarzdruck.de\/index.php?rest_route=\/wp\/v2\/types\/post"}],"author":[{"embeddable":true,"href":"http:\/\/www.edition-schwarzdruck.de\/index.php?rest_route=\/wp\/v2\/users\/2"}],"replies":[{"embeddable":true,"href":"http:\/\/www.edition-schwarzdruck.de\/index.php?rest_route=%2Fwp%2Fv2%2Fcomments&post=4499"}],"version-history":[{"count":1,"href":"http:\/\/www.edition-schwarzdruck.de\/index.php?rest_route=\/wp\/v2\/posts\/4499\/revisions"}],"predecessor-version":[{"id":4500,"href":"http:\/\/www.edition-schwarzdruck.de\/index.php?rest_route=\/wp\/v2\/posts\/4499\/revisions\/4500"}],"wp:attachment":[{"href":"http:\/\/www.edition-schwarzdruck.de\/index.php?rest_route=%2Fwp%2Fv2%2Fmedia&parent=4499"}],"wp:term":[{"taxonomy":"category","embeddable":true,"href":"http:\/\/www.edition-schwarzdruck.de\/index.php?rest_route=%2Fwp%2Fv2%2Fcategories&post=4499"},{"taxonomy":"post_tag","embeddable":true,"href":"http:\/\/www.edition-schwarzdruck.de\/index.php?rest_route=%2Fwp%2Fv2%2Ftags&post=4499"}],"curies":[{"name":"wp","href":"https:\/\/api.w.org\/{rel}","templated":true}]}}