{"id":4493,"date":"2019-03-19T01:54:48","date_gmt":"2019-03-18T23:54:48","guid":{"rendered":"http:\/\/www.edition-schwarzdruck.de\/?p=4493"},"modified":"2019-03-19T01:54:48","modified_gmt":"2019-03-18T23:54:48","slug":"und-dick-dale","status":"publish","type":"post","link":"http:\/\/www.edition-schwarzdruck.de\/?p=4493","title":{"rendered":"Und Dick Dale"},"content":{"rendered":"<p>ist heute auch noch gestorben. Der vermutlich Gr\u00f6\u00dfte aller Surfgitarristen. Wobei ich die Herren im Hintergrund und den Damenr\u00fccken im Vordergrund noch viel cooler finde &#8230; RRRRRRR.I.P.<\/p>\n","protected":false},"excerpt":{"rendered":"<p>ist heute auch noch gestorben. Der vermutlich Gr\u00f6\u00dfte aller Surfgitarristen. Wobei ich die Herren im Hintergrund und den Damenr\u00fccken im Vordergrund noch viel cooler finde &#8230; RRRRRRR.I.P.<\/p>\n","protected":false},"author":2,"featured_media":0,"comment_status":"open","ping_status":"open","sticky":false,"template":"","format":"video","meta":[],"categories":[69],"tags":[159,160,65],"_links":{"self":[{"href":"http:\/\/www.edition-schwarzdruck.de\/index.php?rest_route=\/wp\/v2\/posts\/4493"}],"collection":[{"href":"http:\/\/www.edition-schwarzdruck.de\/index.php?rest_route=\/wp\/v2\/posts"}],"about":[{"href":"http:\/\/www.edition-schwarzdruck.de\/index.php?rest_route=\/wp\/v2\/types\/post"}],"author":[{"embeddable":true,"href":"http:\/\/www.edition-schwarzdruck.de\/index.php?rest_route=\/wp\/v2\/users\/2"}],"replies":[{"embeddable":true,"href":"http:\/\/www.edition-schwarzdruck.de\/index.php?rest_route=%2Fwp%2Fv2%2Fcomments&post=4493"}],"version-history":[{"count":1,"href":"http:\/\/www.edition-schwarzdruck.de\/index.php?rest_route=\/wp\/v2\/posts\/4493\/revisions"}],"predecessor-version":[{"id":4494,"href":"http:\/\/www.edition-schwarzdruck.de\/index.php?rest_route=\/wp\/v2\/posts\/4493\/revisions\/4494"}],"wp:attachment":[{"href":"http:\/\/www.edition-schwarzdruck.de\/index.php?rest_route=%2Fwp%2Fv2%2Fmedia&parent=4493"}],"wp:term":[{"taxonomy":"category","embeddable":true,"href":"http:\/\/www.edition-schwarzdruck.de\/index.php?rest_route=%2Fwp%2Fv2%2Fcategories&post=4493"},{"taxonomy":"post_tag","embeddable":true,"href":"http:\/\/www.edition-schwarzdruck.de\/index.php?rest_route=%2Fwp%2Fv2%2Ftags&post=4493"}],"curies":[{"name":"wp","href":"https:\/\/api.w.org\/{rel}","templated":true}]}}