{"id":4486,"date":"2019-03-18T15:29:01","date_gmt":"2019-03-18T13:29:01","guid":{"rendered":"http:\/\/www.edition-schwarzdruck.de\/?p=4486"},"modified":"2019-03-18T15:29:01","modified_gmt":"2019-03-18T13:29:01","slug":"schade","status":"publish","type":"post","link":"http:\/\/www.edition-schwarzdruck.de\/?p=4486","title":{"rendered":"Schade &#8230;"},"content":{"rendered":"<p>nun haben sie Sahra Wagenknecht also doch noch &#8222;kleingekriegt&#8220;. Ich fand es ja all die letzten Jahre schon bewundernswert, wie diese Frau es schafft, in der Schlangengrube der Politik immer wieder und wieder vern\u00fcnftige und machbare, aber trotzdem linke Positionen zu vertreten. Und hab mich oft gefragt, warum sie den ganzen Kram nicht hinschmei\u00dft vor allem angesichts von &#8222;linken Parteifreunden&#8220;, die oft massiver und gemeiner auf sie einpr\u00fcgelten als der eigentliche politische Gegner.<\/p>\n<p>Nun besteht die mediale Spitze der &#8222;Linken&#8220; also fast nur noch aus profilierungss\u00fcchtigen, oberlehrerhaften Typen, die auch gut in anderen Parteien Karriere gemacht haben k\u00f6nnten. Das werden die Lederers, Kippings, Liebichs und Konsorten aber wohl bald an der Wahlurne zu sp\u00fcren kriegen. Schade. Und wieder ist die Welt ein klein wenig schlechter geworden.<\/p>\n","protected":false},"excerpt":{"rendered":"<p>nun haben sie Sahra Wagenknecht also doch noch &#8222;kleingekriegt&#8220;. Ich fand es ja all die letzten Jahre schon bewundernswert, wie diese Frau es schafft, in der Schlangengrube der Politik immer wieder und wieder vern\u00fcnftige und machbare, aber trotzdem linke Positionen zu vertreten. Und hab mich oft gefragt, warum sie den ganzen Kram nicht hinschmei\u00dft vor [&hellip;]<\/p>\n","protected":false},"author":2,"featured_media":0,"comment_status":"open","ping_status":"open","sticky":false,"template":"","format":"standard","meta":[],"categories":[69],"tags":[],"_links":{"self":[{"href":"http:\/\/www.edition-schwarzdruck.de\/index.php?rest_route=\/wp\/v2\/posts\/4486"}],"collection":[{"href":"http:\/\/www.edition-schwarzdruck.de\/index.php?rest_route=\/wp\/v2\/posts"}],"about":[{"href":"http:\/\/www.edition-schwarzdruck.de\/index.php?rest_route=\/wp\/v2\/types\/post"}],"author":[{"embeddable":true,"href":"http:\/\/www.edition-schwarzdruck.de\/index.php?rest_route=\/wp\/v2\/users\/2"}],"replies":[{"embeddable":true,"href":"http:\/\/www.edition-schwarzdruck.de\/index.php?rest_route=%2Fwp%2Fv2%2Fcomments&post=4486"}],"version-history":[{"count":1,"href":"http:\/\/www.edition-schwarzdruck.de\/index.php?rest_route=\/wp\/v2\/posts\/4486\/revisions"}],"predecessor-version":[{"id":4487,"href":"http:\/\/www.edition-schwarzdruck.de\/index.php?rest_route=\/wp\/v2\/posts\/4486\/revisions\/4487"}],"wp:attachment":[{"href":"http:\/\/www.edition-schwarzdruck.de\/index.php?rest_route=%2Fwp%2Fv2%2Fmedia&parent=4486"}],"wp:term":[{"taxonomy":"category","embeddable":true,"href":"http:\/\/www.edition-schwarzdruck.de\/index.php?rest_route=%2Fwp%2Fv2%2Fcategories&post=4486"},{"taxonomy":"post_tag","embeddable":true,"href":"http:\/\/www.edition-schwarzdruck.de\/index.php?rest_route=%2Fwp%2Fv2%2Ftags&post=4486"}],"curies":[{"name":"wp","href":"https:\/\/api.w.org\/{rel}","templated":true}]}}