{"id":4472,"date":"2019-03-15T17:58:10","date_gmt":"2019-03-15T15:58:10","guid":{"rendered":"http:\/\/www.edition-schwarzdruck.de\/?p=4472"},"modified":"2019-03-15T18:12:25","modified_gmt":"2019-03-15T16:12:25","slug":"preise-den-tag","status":"publish","type":"post","link":"http:\/\/www.edition-schwarzdruck.de\/?p=4472","title":{"rendered":"Preise den Tag"},"content":{"rendered":"<p>der Druckkunst, an dem (fast) alle anderen arbeiten, und leg zur Feier ebendessen ein bisschen die Beine hoch &#8230; da f\u00e4llt mir doch ein: es ist Freitag und Zeit f\u00fcr den Schlager der Woche. Also runter vom Sofa und ran an den Blog. Die \u00dcberschrift passt ja, der Text nicht so richtig wirklich, aber Musik, Sound und Show ist eines l\u00e4ssig verbrachten Feiertags w\u00fcrdig. Fast genauso cool wie Sade und ihre Band auf der B\u00fchne schleicht der Feiertagsdrucker heute durch die heiligen Hallen und macht heute &#8211; nichts.<br \/>\nAls der Schwarzdrucker noch ein junger Mensch war, hielt er die damals nat\u00fcrlich auch noch j\u00fcngere Sade f\u00fcr Easylisteningmusik besserverdienender Barbesucher. Mittlerweile findet er die Frau, ihre Band und ihre Musik einfach gro\u00dfartig &#8211; man wird im Alter eben doch ein bisschen kl\u00fcger. Da sitzt jeder sparsame Ton, jede knappe Bewegung, die Show ist einfach perfekt und trotz (oder wegen?) allen Aufwandes minimalistisch. So kann &#8211; unter Umst\u00e4nden &#8211; auch Typografie sein. Und die bewundernswerte Sade Adu schraubt sich in H\u00f6hen &#8230; unglaublich!<\/p>\n","protected":false},"excerpt":{"rendered":"<p>der Druckkunst, an dem (fast) alle anderen arbeiten, und leg zur Feier ebendessen ein bisschen die Beine hoch &#8230; da f\u00e4llt mir doch ein: es ist Freitag und Zeit f\u00fcr den Schlager der Woche. Also runter vom Sofa und ran an den Blog. Die \u00dcberschrift passt ja, der Text nicht so richtig wirklich, aber Musik, [&hellip;]<\/p>\n","protected":false},"author":2,"featured_media":0,"comment_status":"open","ping_status":"open","sticky":false,"template":"","format":"video","meta":[],"categories":[68],"tags":[],"_links":{"self":[{"href":"http:\/\/www.edition-schwarzdruck.de\/index.php?rest_route=\/wp\/v2\/posts\/4472"}],"collection":[{"href":"http:\/\/www.edition-schwarzdruck.de\/index.php?rest_route=\/wp\/v2\/posts"}],"about":[{"href":"http:\/\/www.edition-schwarzdruck.de\/index.php?rest_route=\/wp\/v2\/types\/post"}],"author":[{"embeddable":true,"href":"http:\/\/www.edition-schwarzdruck.de\/index.php?rest_route=\/wp\/v2\/users\/2"}],"replies":[{"embeddable":true,"href":"http:\/\/www.edition-schwarzdruck.de\/index.php?rest_route=%2Fwp%2Fv2%2Fcomments&post=4472"}],"version-history":[{"count":7,"href":"http:\/\/www.edition-schwarzdruck.de\/index.php?rest_route=\/wp\/v2\/posts\/4472\/revisions"}],"predecessor-version":[{"id":4481,"href":"http:\/\/www.edition-schwarzdruck.de\/index.php?rest_route=\/wp\/v2\/posts\/4472\/revisions\/4481"}],"wp:attachment":[{"href":"http:\/\/www.edition-schwarzdruck.de\/index.php?rest_route=%2Fwp%2Fv2%2Fmedia&parent=4472"}],"wp:term":[{"taxonomy":"category","embeddable":true,"href":"http:\/\/www.edition-schwarzdruck.de\/index.php?rest_route=%2Fwp%2Fv2%2Fcategories&post=4472"},{"taxonomy":"post_tag","embeddable":true,"href":"http:\/\/www.edition-schwarzdruck.de\/index.php?rest_route=%2Fwp%2Fv2%2Ftags&post=4472"}],"curies":[{"name":"wp","href":"https:\/\/api.w.org\/{rel}","templated":true}]}}