{"id":4463,"date":"2019-03-12T17:24:23","date_gmt":"2019-03-12T15:24:23","guid":{"rendered":"http:\/\/www.edition-schwarzdruck.de\/?p=4463"},"modified":"2019-03-13T17:27:45","modified_gmt":"2019-03-13T15:27:45","slug":"die-grafikboerse-borken","status":"publish","type":"post","link":"http:\/\/www.edition-schwarzdruck.de\/?p=4463","title":{"rendered":"Die GrafikB\u00f6rse Borken"},"content":{"rendered":"<p>war &#8211; wie auch schon im letzten Jahr &#8211; sehr sch\u00f6n, super organisiert, gut beworben und anst\u00e4ndig besucht. Ein ganz gro\u00dfes Dankesch\u00f6n an die Organisatoren, die das so vorbildlich machen, dass eigentlich (fast!) alle anderen Buch- und Kunstmessenorganisierer dort mal ein Praktikum machen\u00a0 sollten!<\/p>\n<p>Wir hatten &#8211; wie immer dort &#8211; einen Stand mit viel Platz und dadurch etwas M\u00fche, diesen mit den etwas zu hastig zusammengepackten Einblattdrucken und B\u00fcchern zu dekorieren und zu f\u00fcllen. Weil wir diesmal einen Tag eher da waren, konnten wir einen neuen Rekord aufstellen: schon satte drei Stunden vor Messeer\u00f6ffnung war alles fertig und sogar die Preisschilder geschrieben. Es war wieder ein Treffen mit guten Freunden, &#8222;alten&#8220; Bekannten vom letztenmal und neuen Bekanntschaften. Das einzige, aber nicht ganz unwesentliche Negative: die Verk\u00e4ufe waren trotz vieler Komplimente seitens des Publikums so schlecht, dass wir nicht einmal die kompletten Reisekosten eingespielt haben &#8230;<\/p>\n<p>Wir werden Borken trotzdem in guter Erinnerung behalten, im n\u00e4chsten Jahr mal aussetzen und dann in zwei (oder vielleicht sogar erst in drei) Jahren dem geneigten Publikum eine neue Chance zur Besserung geben.<\/p>\n","protected":false},"excerpt":{"rendered":"<p>war &#8211; wie auch schon im letzten Jahr &#8211; sehr sch\u00f6n, super organisiert, gut beworben und anst\u00e4ndig besucht. Ein ganz gro\u00dfes Dankesch\u00f6n an die Organisatoren, die das so vorbildlich machen, dass eigentlich (fast!) alle anderen Buch- und Kunstmessenorganisierer dort mal ein Praktikum machen\u00a0 sollten! Wir hatten &#8211; wie immer dort &#8211; einen Stand mit viel [&hellip;]<\/p>\n","protected":false},"author":2,"featured_media":0,"comment_status":"open","ping_status":"open","sticky":false,"template":"","format":"standard","meta":[],"categories":[49],"tags":[146,111],"_links":{"self":[{"href":"http:\/\/www.edition-schwarzdruck.de\/index.php?rest_route=\/wp\/v2\/posts\/4463"}],"collection":[{"href":"http:\/\/www.edition-schwarzdruck.de\/index.php?rest_route=\/wp\/v2\/posts"}],"about":[{"href":"http:\/\/www.edition-schwarzdruck.de\/index.php?rest_route=\/wp\/v2\/types\/post"}],"author":[{"embeddable":true,"href":"http:\/\/www.edition-schwarzdruck.de\/index.php?rest_route=\/wp\/v2\/users\/2"}],"replies":[{"embeddable":true,"href":"http:\/\/www.edition-schwarzdruck.de\/index.php?rest_route=%2Fwp%2Fv2%2Fcomments&post=4463"}],"version-history":[{"count":1,"href":"http:\/\/www.edition-schwarzdruck.de\/index.php?rest_route=\/wp\/v2\/posts\/4463\/revisions"}],"predecessor-version":[{"id":4464,"href":"http:\/\/www.edition-schwarzdruck.de\/index.php?rest_route=\/wp\/v2\/posts\/4463\/revisions\/4464"}],"wp:attachment":[{"href":"http:\/\/www.edition-schwarzdruck.de\/index.php?rest_route=%2Fwp%2Fv2%2Fmedia&parent=4463"}],"wp:term":[{"taxonomy":"category","embeddable":true,"href":"http:\/\/www.edition-schwarzdruck.de\/index.php?rest_route=%2Fwp%2Fv2%2Fcategories&post=4463"},{"taxonomy":"post_tag","embeddable":true,"href":"http:\/\/www.edition-schwarzdruck.de\/index.php?rest_route=%2Fwp%2Fv2%2Ftags&post=4463"}],"curies":[{"name":"wp","href":"https:\/\/api.w.org\/{rel}","templated":true}]}}